{"id":232765,"date":"2021-10-04T09:47:53","date_gmt":"2021-10-04T13:47:53","guid":{"rendered":"https:\/\/cfcaracas.org\/sv\/?p=232765"},"modified":"2021-10-26T14:47:47","modified_gmt":"2021-10-26T18:47:47","slug":"regreso-a-clases-semipresenciales","status":"publish","type":"post","link":"https:\/\/cfcaracas.org\/sv\/regreso-a-clases-semipresenciales\/","title":{"rendered":"Regreso a clases semipresenciales"},"content":{"rendered":"\n\n[et_pb_section fb_built=&#8221;1&#8243; _builder_version=&#8221;4.11.1&#8243; background_color=&#8221;#e9eff3&#8243; background_image=&#8221;https:\/\/cfcaracas.org\/sv\/wp-content\/uploads\/shapes-bg-color.png&#8221; parallax=&#8221;on&#8221; custom_padding=&#8221;27px||0px|||&#8221; bottom_divider_color=&#8221;#065b99&#8243; global_colors_info=&#8221;{}&#8221;][et_pb_row _builder_version=&#8221;3.26&#8243; custom_padding=&#8221;0px||0px|||&#8221; global_colors_info=&#8221;{}&#8221;][et_pb_column type=&#8221;4_4&#8243; _builder_version=&#8221;3.26&#8243; global_colors_info=&#8221;{}&#8221;][et_pb_dmb_breadcrumbs font_icon=&#8221;%%194%%&#8221; home_icon=&#8221;%%236%%&#8221; use_home_text=&#8221;on&#8221; home_text=&#8221;Inicio&#8221; _builder_version=&#8221;3.26&#8243; body_font=&#8221;|600|||||||&#8221; separator_text_color=&#8221;#0c71c3&#8243; global_colors_info=&#8221;{}&#8221;][\/et_pb_dmb_breadcrumbs][\/et_pb_column][\/et_pb_row][et_pb_row column_structure=&#8221;2_3,1_3&#8243; _builder_version=&#8221;4.5.6&#8243; global_colors_info=&#8221;{}&#8221;][et_pb_column type=&#8221;2_3&#8243; _builder_version=&#8221;3.25.2&#8243; background_color=&#8221;#ffffff&#8221; custom_padding=&#8221;25px|25px|25px|25px|true|true&#8221; border_radii=&#8221;on|16px|16px|16px|16px&#8221; box_shadow_style=&#8221;preset2&#8243; global_colors_info=&#8221;{}&#8221; custom_padding__hover=&#8221;|||&#8221;][et_pb_image src=&#8221;@ET-DC@eyJkeW5hbWljIjp0cnVlLCJjb250ZW50IjoicG9zdF9mZWF0dXJlZF9pbWFnZSIsInNldHRpbmdzIjp7fX0=@&#8221; _builder_version=&#8221;4.5.6&#8243; _dynamic_attributes=&#8221;src&#8221; locked=&#8221;on&#8221; global_colors_info=&#8221;{}&#8221;][\/et_pb_image][et_pb_text _builder_version=&#8221;4.5.6&#8243; _dynamic_attributes=&#8221;content&#8221; locked=&#8221;on&#8221; global_colors_info=&#8221;{}&#8221;]@ET-DC@eyJkeW5hbWljIjp0cnVlLCJjb250ZW50IjoicG9zdF90aXRsZSIsInNldHRpbmdzIjp7ImJlZm9yZSI6IjxoMT4iLCJhZnRlciI6IjwvaDE+In19@[\/et_pb_text][et_pb_text _builder_version=&#8221;4.8.1&#8243; custom_padding=&#8221;||12px|||&#8221; global_colors_info=&#8221;{}&#8221;]<p>Nuestra U.E.P Colegio Francia se ha estado preparando para acondicionar sus espacios para garantizar las medidas de bioseguridad y poder recibir a sus estudiantes con mucha alegr\u00eda y entusiasmo en este nuevo a\u00f1o escolar 2021- 2022.<\/p>\n<p>De acuerdo con las primeras instrucciones recibidas de la supervisora circuital y las informaciones oficiales a trav\u00e9s de los medios de comunicaci\u00f3n, trabajaremos dentro del esquema 7+7, combinando encuentros s\u00edncronos y actividades presenciales. Esto puede variar seg\u00fan las indicaciones ministeriales.<\/p>\n<p>A continuaci\u00f3n, mencionamos algunas medidas aplicadas por el colegio para prevenir contagios entre quienes convivimos diariamente dentro de las instituciones y as\u00ed garantizar, un posible regreso a clases presenciales de forma segura:<\/p>\n<ul>\n<li>Todos los estudiantes deber\u00e1n utilizar mascarilla (tapabocas) mientras se encuentren en las instalaciones del colegio.<\/li>\n<li>Al entrar al colegio, se tomar\u00e1 la temperatura corporal como parte del protocolo de detecci\u00f3n de s\u00edntomas del COVID-19.<\/li>\n<li>En los salones, ya se acomodaron las mesas de tal manera que se respete la distancia, de por lo menos, 1,5 metros entre ellas.<\/li>\n<li>Se dividieron los grupos de clases para mantener aforos limitados en las aulas.<\/li>\n<li>Todos nuestros salones est\u00e1n ventilados.<\/li>\n<li>Instalaci\u00f3n de lavamanos para que los alumnos, maestros, personal administrativo y obrero dispongan de agua y jab\u00f3n para el constante lavado de manos.<\/li>\n<li>Los horarios de entradas, salidas y recesos est\u00e1n planificados para evitar el congestionamiento de estudiantes en esos momentos.<\/li>\n<li>Todo el personal que labora en la instituci\u00f3n, ha sido vacunado contra la Covid-19. Aunque la vacuna no proteja contra la Covid-19, puede reducir el riesgo y sus complicaciones.<\/li>\n<li>Para limitar el contagio con el Covid-19, los estudiantes que presenten alg\u00fan s\u00edntoma como fiebre, dolor de cabeza, dolor estomacal, deben quedarse en casa de manera aislada por 7 d\u00edas y luego realizar una prueba para confirmar que ya no es positivo.<\/li>\n<\/ul>\n<p>Tomando \u00e9stas y otras medidas, permitir\u00e1 que se sientan m\u00e1s tranquilo al saber que sus hijos est\u00e1n resguardados mientras est\u00e9n en el colegio. Tambi\u00e9n es importante recordar, que es responsabilidad de todos mantenernos y mantener a los dem\u00e1s sanos y salvos.<\/p>[\/et_pb_text][\/et_pb_column][et_pb_column type=&#8221;1_3&#8243; _builder_version=&#8221;3.25.2&#8243; z_index=&#8221;10&#8243; custom_padding=&#8221;|||&#8221; global_colors_info=&#8221;{}&#8221; custom_padding__hover=&#8221;|||&#8221;][et_pb_blog fullwidth=&#8221;off&#8221; posts_number=&#8221;2&#8243; include_categories=&#8221;5&#8243; show_more=&#8221;on&#8221; show_author=&#8221;off&#8221; _builder_version=&#8221;3.24.1&#8243; pagination_font=&#8221;||||||||&#8221; border_radii=&#8221;on|15px|15px|15px|15px&#8221; border_radii_image=&#8221;||||&#8221; box_shadow_style=&#8221;preset1&#8243; global_colors_info=&#8221;{}&#8221;][\/et_pb_blog][\/et_pb_column][\/et_pb_row][\/et_pb_section]\n\n","protected":false},"excerpt":{"rendered":"<p>Nuestra U.E.P Colegio Francia se ha estado preparando para acondicionar sus espacios para garantizar las medidas de bioseguridad y poder recibir a sus estudiantes con mucha alegr\u00eda y entusiasmo en este nuevo a\u00f1o escolar 2021- 2022. De acuerdo con las primeras instrucciones recibidas de la supervisora circuital y las informaciones oficiales a trav\u00e9s de los [&hellip;]<\/p>\n","protected":false},"author":5,"featured_media":232904,"comment_status":"closed","ping_status":"closed","sticky":false,"template":"","format":"standard","meta":{"_et_pb_use_builder":"on","_et_pb_old_content":"","_et_gb_content_width":"2880","_monsterinsights_skip_tracking":false,"_monsterinsights_sitenote_active":false,"_monsterinsights_sitenote_note":"","_monsterinsights_sitenote_category":0,"footnotes":""},"categories":[5,19],"tags":[],"class_list":["post-232765","post","type-post","status-publish","format-standard","has-post-thumbnail","hentry","category-actualidades","category-actualidad"],"yoast_head":"<!-- This site is optimized with the Yoast SEO plugin v27.4 - https:\/\/yoast.com\/product\/yoast-seo-wordpress\/ -->\n<title>Regreso a clases semipresenciales - COLEGIO FRANCIA<\/title>\n<meta name=\"robots\" content=\"index, follow, max-snippet:-1, max-image-preview:large, max-video-preview:-1\" \/>\n<link rel=\"canonical\" href=\"https:\/\/cfcaracas.org\/sv\/regreso-a-clases-semipresenciales\/\" \/>\n<meta property=\"og:locale\" content=\"en_US\" \/>\n<meta property=\"og:type\" content=\"article\" \/>\n<meta property=\"og:title\" content=\"Regreso a clases semipresenciales - COLEGIO FRANCIA\" \/>\n<meta property=\"og:description\" content=\"Nuestra U.E.P Colegio Francia se ha estado preparando para acondicionar sus espacios para garantizar las medidas de bioseguridad y poder recibir a sus estudiantes con mucha alegr\u00eda y entusiasmo en este nuevo a\u00f1o escolar 2021- 2022. De acuerdo con las primeras instrucciones recibidas de la supervisora circuital y las informaciones oficiales a trav\u00e9s de los [&hellip;]\" \/>\n<meta property=\"og:url\" content=\"https:\/\/cfcaracas.org\/sv\/regreso-a-clases-semipresenciales\/\" \/>\n<meta property=\"og:site_name\" content=\"COLEGIO FRANCIA\" \/>\n<meta property=\"article:published_time\" content=\"2021-10-04T13:47:53+00:00\" \/>\n<meta property=\"article:modified_time\" content=\"2021-10-26T18:47:47+00:00\" \/>\n<meta property=\"og:image\" content=\"https:\/\/cfcaracas.org\/sv\/wp-content\/uploads\/Foto_1.jpg\" \/>\n\t<meta property=\"og:image:width\" content=\"1667\" \/>\n\t<meta property=\"og:image:height\" content=\"1251\" \/>\n\t<meta property=\"og:image:type\" content=\"image\/jpeg\" \/>\n<meta name=\"author\" content=\"Veronica Sierra\" \/>\n<meta name=\"twitter:card\" content=\"summary_large_image\" \/>\n<meta name=\"twitter:creator\" content=\"@adminrvt\" \/>\n<meta name=\"twitter:label1\" content=\"Written by\" \/>\n\t<meta name=\"twitter:data1\" content=\"Veronica Sierra\" \/>\n\t<meta name=\"twitter:label2\" content=\"Est. reading time\" \/>\n\t<meta name=\"twitter:data2\" content=\"2 minutes\" \/>\n<script type=\"application\/ld+json\" class=\"yoast-schema-graph\">{\"@context\":\"https:\\\/\\\/schema.org\",\"@graph\":[{\"@type\":\"Article\",\"@id\":\"https:\\\/\\\/cfcaracas.org\\\/sv\\\/regreso-a-clases-semipresenciales\\\/#article\",\"isPartOf\":{\"@id\":\"https:\\\/\\\/cfcaracas.org\\\/sv\\\/regreso-a-clases-semipresenciales\\\/\"},\"author\":{\"name\":\"Veronica Sierra\",\"@id\":\"https:\\\/\\\/cfcaracas.org\\\/sv\\\/#\\\/schema\\\/person\\\/6e837809a0bdd906426fdb9d105ebc6a\"},\"headline\":\"Regreso a clases semipresenciales\",\"datePublished\":\"2021-10-04T13:47:53+00:00\",\"dateModified\":\"2021-10-26T18:47:47+00:00\",\"mainEntityOfPage\":{\"@id\":\"https:\\\/\\\/cfcaracas.org\\\/sv\\\/regreso-a-clases-semipresenciales\\\/\"},\"wordCount\":637,\"publisher\":{\"@id\":\"https:\\\/\\\/cfcaracas.org\\\/sv\\\/#organization\"},\"image\":{\"@id\":\"https:\\\/\\\/cfcaracas.org\\\/sv\\\/regreso-a-clases-semipresenciales\\\/#primaryimage\"},\"thumbnailUrl\":\"https:\\\/\\\/cfcaracas.org\\\/sv\\\/wp-content\\\/uploads\\\/Foto_1.jpg\",\"articleSection\":[\"Actualidades\",\"Actualidades\"],\"inLanguage\":\"en-US\"},{\"@type\":\"WebPage\",\"@id\":\"https:\\\/\\\/cfcaracas.org\\\/sv\\\/regreso-a-clases-semipresenciales\\\/\",\"url\":\"https:\\\/\\\/cfcaracas.org\\\/sv\\\/regreso-a-clases-semipresenciales\\\/\",\"name\":\"Regreso a clases semipresenciales - COLEGIO FRANCIA\",\"isPartOf\":{\"@id\":\"https:\\\/\\\/cfcaracas.org\\\/sv\\\/#website\"},\"primaryImageOfPage\":{\"@id\":\"https:\\\/\\\/cfcaracas.org\\\/sv\\\/regreso-a-clases-semipresenciales\\\/#primaryimage\"},\"image\":{\"@id\":\"https:\\\/\\\/cfcaracas.org\\\/sv\\\/regreso-a-clases-semipresenciales\\\/#primaryimage\"},\"thumbnailUrl\":\"https:\\\/\\\/cfcaracas.org\\\/sv\\\/wp-content\\\/uploads\\\/Foto_1.jpg\",\"datePublished\":\"2021-10-04T13:47:53+00:00\",\"dateModified\":\"2021-10-26T18:47:47+00:00\",\"breadcrumb\":{\"@id\":\"https:\\\/\\\/cfcaracas.org\\\/sv\\\/regreso-a-clases-semipresenciales\\\/#breadcrumb\"},\"inLanguage\":\"en-US\",\"potentialAction\":[{\"@type\":\"ReadAction\",\"target\":[\"https:\\\/\\\/cfcaracas.org\\\/sv\\\/regreso-a-clases-semipresenciales\\\/\"]}]},{\"@type\":\"ImageObject\",\"inLanguage\":\"en-US\",\"@id\":\"https:\\\/\\\/cfcaracas.org\\\/sv\\\/regreso-a-clases-semipresenciales\\\/#primaryimage\",\"url\":\"https:\\\/\\\/cfcaracas.org\\\/sv\\\/wp-content\\\/uploads\\\/Foto_1.jpg\",\"contentUrl\":\"https:\\\/\\\/cfcaracas.org\\\/sv\\\/wp-content\\\/uploads\\\/Foto_1.jpg\",\"width\":1667,\"height\":1251},{\"@type\":\"BreadcrumbList\",\"@id\":\"https:\\\/\\\/cfcaracas.org\\\/sv\\\/regreso-a-clases-semipresenciales\\\/#breadcrumb\",\"itemListElement\":[{\"@type\":\"ListItem\",\"position\":1,\"name\":\"Home\",\"item\":\"https:\\\/\\\/cfcaracas.org\\\/sv\\\/\"},{\"@type\":\"ListItem\",\"position\":2,\"name\":\"Regreso a clases semipresenciales\"}]},{\"@type\":\"WebSite\",\"@id\":\"https:\\\/\\\/cfcaracas.org\\\/sv\\\/#website\",\"url\":\"https:\\\/\\\/cfcaracas.org\\\/sv\\\/\",\"name\":\"COLEGIO FRANCIA\",\"description\":\"Colegio Francia, algo m\u00e1s que un colegio\",\"publisher\":{\"@id\":\"https:\\\/\\\/cfcaracas.org\\\/sv\\\/#organization\"},\"potentialAction\":[{\"@type\":\"SearchAction\",\"target\":{\"@type\":\"EntryPoint\",\"urlTemplate\":\"https:\\\/\\\/cfcaracas.org\\\/sv\\\/?s={search_term_string}\"},\"query-input\":{\"@type\":\"PropertyValueSpecification\",\"valueRequired\":true,\"valueName\":\"search_term_string\"}}],\"inLanguage\":\"en-US\"},{\"@type\":\"Organization\",\"@id\":\"https:\\\/\\\/cfcaracas.org\\\/sv\\\/#organization\",\"name\":\"U.E. Colegio Francia de Caracas\",\"url\":\"https:\\\/\\\/cfcaracas.org\\\/sv\\\/\",\"logo\":{\"@type\":\"ImageObject\",\"inLanguage\":\"en-US\",\"@id\":\"https:\\\/\\\/cfcaracas.org\\\/sv\\\/#\\\/schema\\\/logo\\\/image\\\/\",\"url\":\"https:\\\/\\\/cfcaracas.org\\\/sv\\\/wp-content\\\/uploads\\\/LOGO-COLEGIO-FRANCIA-01.png\",\"contentUrl\":\"https:\\\/\\\/cfcaracas.org\\\/sv\\\/wp-content\\\/uploads\\\/LOGO-COLEGIO-FRANCIA-01.png\",\"width\":851,\"height\":1135,\"caption\":\"U.E. Colegio Francia de Caracas\"},\"image\":{\"@id\":\"https:\\\/\\\/cfcaracas.org\\\/sv\\\/#\\\/schema\\\/logo\\\/image\\\/\"}},{\"@type\":\"Person\",\"@id\":\"https:\\\/\\\/cfcaracas.org\\\/sv\\\/#\\\/schema\\\/person\\\/6e837809a0bdd906426fdb9d105ebc6a\",\"name\":\"Veronica Sierra\",\"image\":{\"@type\":\"ImageObject\",\"inLanguage\":\"en-US\",\"@id\":\"https:\\\/\\\/secure.gravatar.com\\\/avatar\\\/6c929a99c0a2a25da0ade571f47362ba2525b1e77059ff6eac007c3826d216e4?s=96&d=mm&r=g\",\"url\":\"https:\\\/\\\/secure.gravatar.com\\\/avatar\\\/6c929a99c0a2a25da0ade571f47362ba2525b1e77059ff6eac007c3826d216e4?s=96&d=mm&r=g\",\"contentUrl\":\"https:\\\/\\\/secure.gravatar.com\\\/avatar\\\/6c929a99c0a2a25da0ade571f47362ba2525b1e77059ff6eac007c3826d216e4?s=96&d=mm&r=g\",\"caption\":\"Veronica Sierra\"},\"sameAs\":[\"https:\\\/\\\/x.com\\\/adminrvt\"],\"url\":\"https:\\\/\\\/cfcaracas.org\\\/sv\\\/author\\\/vsierra\\\/\"}]}<\/script>\n<!-- \/ Yoast SEO plugin. -->","yoast_head_json":{"title":"Regreso a clases semipresenciales - COLEGIO FRANCIA","robots":{"index":"index","follow":"follow","max-snippet":"max-snippet:-1","max-image-preview":"max-image-preview:large","max-video-preview":"max-video-preview:-1"},"canonical":"https:\/\/cfcaracas.org\/sv\/regreso-a-clases-semipresenciales\/","og_locale":"en_US","og_type":"article","og_title":"Regreso a clases semipresenciales - COLEGIO FRANCIA","og_description":"Nuestra U.E.P Colegio Francia se ha estado preparando para acondicionar sus espacios para garantizar las medidas de bioseguridad y poder recibir a sus estudiantes con mucha alegr\u00eda y entusiasmo en este nuevo a\u00f1o escolar 2021- 2022. De acuerdo con las primeras instrucciones recibidas de la supervisora circuital y las informaciones oficiales a trav\u00e9s de los [&hellip;]","og_url":"https:\/\/cfcaracas.org\/sv\/regreso-a-clases-semipresenciales\/","og_site_name":"COLEGIO FRANCIA","article_published_time":"2021-10-04T13:47:53+00:00","article_modified_time":"2021-10-26T18:47:47+00:00","og_image":[{"width":1667,"height":1251,"url":"https:\/\/cfcaracas.org\/sv\/wp-content\/uploads\/Foto_1.jpg","type":"image\/jpeg"}],"author":"Veronica Sierra","twitter_card":"summary_large_image","twitter_creator":"@adminrvt","twitter_misc":{"Written by":"Veronica Sierra","Est. reading time":"2 minutes"},"schema":{"@context":"https:\/\/schema.org","@graph":[{"@type":"Article","@id":"https:\/\/cfcaracas.org\/sv\/regreso-a-clases-semipresenciales\/#article","isPartOf":{"@id":"https:\/\/cfcaracas.org\/sv\/regreso-a-clases-semipresenciales\/"},"author":{"name":"Veronica Sierra","@id":"https:\/\/cfcaracas.org\/sv\/#\/schema\/person\/6e837809a0bdd906426fdb9d105ebc6a"},"headline":"Regreso a clases semipresenciales","datePublished":"2021-10-04T13:47:53+00:00","dateModified":"2021-10-26T18:47:47+00:00","mainEntityOfPage":{"@id":"https:\/\/cfcaracas.org\/sv\/regreso-a-clases-semipresenciales\/"},"wordCount":637,"publisher":{"@id":"https:\/\/cfcaracas.org\/sv\/#organization"},"image":{"@id":"https:\/\/cfcaracas.org\/sv\/regreso-a-clases-semipresenciales\/#primaryimage"},"thumbnailUrl":"https:\/\/cfcaracas.org\/sv\/wp-content\/uploads\/Foto_1.jpg","articleSection":["Actualidades","Actualidades"],"inLanguage":"en-US"},{"@type":"WebPage","@id":"https:\/\/cfcaracas.org\/sv\/regreso-a-clases-semipresenciales\/","url":"https:\/\/cfcaracas.org\/sv\/regreso-a-clases-semipresenciales\/","name":"Regreso a clases semipresenciales - COLEGIO FRANCIA","isPartOf":{"@id":"https:\/\/cfcaracas.org\/sv\/#website"},"primaryImageOfPage":{"@id":"https:\/\/cfcaracas.org\/sv\/regreso-a-clases-semipresenciales\/#primaryimage"},"image":{"@id":"https:\/\/cfcaracas.org\/sv\/regreso-a-clases-semipresenciales\/#primaryimage"},"thumbnailUrl":"https:\/\/cfcaracas.org\/sv\/wp-content\/uploads\/Foto_1.jpg","datePublished":"2021-10-04T13:47:53+00:00","dateModified":"2021-10-26T18:47:47+00:00","breadcrumb":{"@id":"https:\/\/cfcaracas.org\/sv\/regreso-a-clases-semipresenciales\/#breadcrumb"},"inLanguage":"en-US","potentialAction":[{"@type":"ReadAction","target":["https:\/\/cfcaracas.org\/sv\/regreso-a-clases-semipresenciales\/"]}]},{"@type":"ImageObject","inLanguage":"en-US","@id":"https:\/\/cfcaracas.org\/sv\/regreso-a-clases-semipresenciales\/#primaryimage","url":"https:\/\/cfcaracas.org\/sv\/wp-content\/uploads\/Foto_1.jpg","contentUrl":"https:\/\/cfcaracas.org\/sv\/wp-content\/uploads\/Foto_1.jpg","width":1667,"height":1251},{"@type":"BreadcrumbList","@id":"https:\/\/cfcaracas.org\/sv\/regreso-a-clases-semipresenciales\/#breadcrumb","itemListElement":[{"@type":"ListItem","position":1,"name":"Home","item":"https:\/\/cfcaracas.org\/sv\/"},{"@type":"ListItem","position":2,"name":"Regreso a clases semipresenciales"}]},{"@type":"WebSite","@id":"https:\/\/cfcaracas.org\/sv\/#website","url":"https:\/\/cfcaracas.org\/sv\/","name":"COLEGIO FRANCIA","description":"Colegio Francia, algo m\u00e1s que un colegio","publisher":{"@id":"https:\/\/cfcaracas.org\/sv\/#organization"},"potentialAction":[{"@type":"SearchAction","target":{"@type":"EntryPoint","urlTemplate":"https:\/\/cfcaracas.org\/sv\/?s={search_term_string}"},"query-input":{"@type":"PropertyValueSpecification","valueRequired":true,"valueName":"search_term_string"}}],"inLanguage":"en-US"},{"@type":"Organization","@id":"https:\/\/cfcaracas.org\/sv\/#organization","name":"U.E. Colegio Francia de Caracas","url":"https:\/\/cfcaracas.org\/sv\/","logo":{"@type":"ImageObject","inLanguage":"en-US","@id":"https:\/\/cfcaracas.org\/sv\/#\/schema\/logo\/image\/","url":"https:\/\/cfcaracas.org\/sv\/wp-content\/uploads\/LOGO-COLEGIO-FRANCIA-01.png","contentUrl":"https:\/\/cfcaracas.org\/sv\/wp-content\/uploads\/LOGO-COLEGIO-FRANCIA-01.png","width":851,"height":1135,"caption":"U.E. Colegio Francia de Caracas"},"image":{"@id":"https:\/\/cfcaracas.org\/sv\/#\/schema\/logo\/image\/"}},{"@type":"Person","@id":"https:\/\/cfcaracas.org\/sv\/#\/schema\/person\/6e837809a0bdd906426fdb9d105ebc6a","name":"Veronica Sierra","image":{"@type":"ImageObject","inLanguage":"en-US","@id":"https:\/\/secure.gravatar.com\/avatar\/6c929a99c0a2a25da0ade571f47362ba2525b1e77059ff6eac007c3826d216e4?s=96&d=mm&r=g","url":"https:\/\/secure.gravatar.com\/avatar\/6c929a99c0a2a25da0ade571f47362ba2525b1e77059ff6eac007c3826d216e4?s=96&d=mm&r=g","contentUrl":"https:\/\/secure.gravatar.com\/avatar\/6c929a99c0a2a25da0ade571f47362ba2525b1e77059ff6eac007c3826d216e4?s=96&d=mm&r=g","caption":"Veronica Sierra"},"sameAs":["https:\/\/x.com\/adminrvt"],"url":"https:\/\/cfcaracas.org\/sv\/author\/vsierra\/"}]}},"_links":{"self":[{"href":"https:\/\/cfcaracas.org\/sv\/wp-json\/wp\/v2\/posts\/232765","targetHints":{"allow":["GET"]}}],"collection":[{"href":"https:\/\/cfcaracas.org\/sv\/wp-json\/wp\/v2\/posts"}],"about":[{"href":"https:\/\/cfcaracas.org\/sv\/wp-json\/wp\/v2\/types\/post"}],"author":[{"embeddable":true,"href":"https:\/\/cfcaracas.org\/sv\/wp-json\/wp\/v2\/users\/5"}],"replies":[{"embeddable":true,"href":"https:\/\/cfcaracas.org\/sv\/wp-json\/wp\/v2\/comments?post=232765"}],"version-history":[{"count":0,"href":"https:\/\/cfcaracas.org\/sv\/wp-json\/wp\/v2\/posts\/232765\/revisions"}],"wp:featuredmedia":[{"embeddable":true,"href":"https:\/\/cfcaracas.org\/sv\/wp-json\/wp\/v2\/media\/232904"}],"wp:attachment":[{"href":"https:\/\/cfcaracas.org\/sv\/wp-json\/wp\/v2\/media?parent=232765"}],"wp:term":[{"taxonomy":"category","embeddable":true,"href":"https:\/\/cfcaracas.org\/sv\/wp-json\/wp\/v2\/categories?post=232765"},{"taxonomy":"post_tag","embeddable":true,"href":"https:\/\/cfcaracas.org\/sv\/wp-json\/wp\/v2\/tags?post=232765"}],"curies":[{"name":"wp","href":"https:\/\/api.w.org\/{rel}","templated":true}]}}