{"id":233584,"date":"2022-05-19T08:41:31","date_gmt":"2022-05-19T12:41:31","guid":{"rendered":"https:\/\/cfcaracas.org\/sv\/?p=233584"},"modified":"2022-05-19T08:41:32","modified_gmt":"2022-05-19T12:41:32","slug":"interart-proyecto-avila","status":"publish","type":"post","link":"https:\/\/cfcaracas.org\/sv\/interart-proyecto-avila\/","title":{"rendered":"InterART Proyecto \u00c1vila"},"content":{"rendered":"<p>[et_pb_section fb_built=&#8221;1&#8243; _builder_version=&#8221;4.16&#8243; background_color=&#8221;#e9eff3&#8243; background_image=&#8221;https:\/\/cfcaracas.org\/sv\/wp-content\/uploads\/shapes-bg-color.png&#8221; parallax=&#8221;on&#8221; custom_padding=&#8221;27px||0px|||&#8221; bottom_divider_color=&#8221;#065b99&#8243; global_colors_info=&#8221;{}&#8221;][et_pb_row _builder_version=&#8221;4.16&#8243; custom_padding=&#8221;0px||0px|||&#8221; global_colors_info=&#8221;{}&#8221;][et_pb_column type=&#8221;4_4&#8243; _builder_version=&#8221;4.16&#8243; global_colors_info=&#8221;{}&#8221;][et_pb_dmb_breadcrumbs font_icon=&#8221;%%194%%&#8221; home_icon=&#8221;%%236%%&#8221; use_home_text=&#8221;on&#8221; home_text=&#8221;Inicio&#8221; _builder_version=&#8221;4.16&#8243; body_font=&#8221;|600|||||||&#8221; separator_text_color=&#8221;#0c71c3&#8243; global_colors_info=&#8221;{}&#8221;][\/et_pb_dmb_breadcrumbs][\/et_pb_column][\/et_pb_row][et_pb_row column_structure=&#8221;2_3,1_3&#8243; make_equal=&#8221;off&#8221; _builder_version=&#8221;4.16&#8243; global_colors_info=&#8221;{}&#8221;][et_pb_column type=&#8221;2_3&#8243; _builder_version=&#8221;4.16&#8243; background_color=&#8221;#ffffff&#8221; custom_padding=&#8221;25px|25px|25px|25px|true|true&#8221; border_radii=&#8221;on|16px|16px|16px|16px&#8221; box_shadow_style=&#8221;preset2&#8243; global_colors_info=&#8221;{}&#8221; custom_padding__hover=&#8221;|||&#8221;][et_pb_image src=&#8221;@ET-DC@eyJkeW5hbWljIjp0cnVlLCJjb250ZW50IjoicG9zdF9mZWF0dXJlZF9pbWFnZSIsInNldHRpbmdzIjp7fX0=@&#8221; _builder_version=&#8221;4.16&#8243; _dynamic_attributes=&#8221;src&#8221; locked=&#8221;on&#8221; global_colors_info=&#8221;{}&#8221;][\/et_pb_image][et_pb_text _builder_version=&#8221;4.16&#8243; _dynamic_attributes=&#8221;content&#8221; locked=&#8221;on&#8221; global_colors_info=&#8221;{}&#8221;]@ET-DC@eyJkeW5hbWljIjp0cnVlLCJjb250ZW50IjoicG9zdF90aXRsZSIsInNldHRpbmdzIjp7ImJlZm9yZSI6IjxoMT4iLCJhZnRlciI6IjwvaDE+In19@[\/et_pb_text][et_pb_text _builder_version=&#8221;4.16&#8243; global_colors_info=&#8221;{}&#8221;]<\/p>\n<p><span style=\"font-size: 14px;\"><span>Ambas secciones del <\/span><\/span><span style=\"font-size: 14px;\"><span>Colegio Francia fueron invitadas a participar en el <\/span><\/span><span>\u00abInterArt. Proyecto \u00c1vila\u00bb la primera competencia intercolegial de arte que organiz\u00f3 el Colegio Internacional de Caracas en alianza con la Fundaci\u00f3n Fenice Larralde y que rinde homenaje a nuestra ciudad, a la cultura y la integraci\u00f3n educativa.\u00a0<\/span><\/p>\n<p><span>La obra tiene como t\u00edtulo <strong><span style=\"color: #0c71c3;\">\u00abAzules Caraque\u00f1os\u00bb<\/span><\/strong> tiene la esencia de un \u00c1vila como horizonte de una Caracas din\u00e1mica, cambiante, algunas veces incierta pero confortable, arropada por ese cerro que pone una marca especial en la identidad de la ciudad, su importancia de ser un pulm\u00f3n natural y de su conservaci\u00f3n. Se inspiraron en sus tonos azules, en esa relaci\u00f3n entre el mar y el cielo, encontrando acciones y sentimientos coligados para lograr una supervivencia. Representaron la relaci\u00f3n natural con el desarrollo constructivo, diversos \u00edconos de la ciudad que tiene como fondo la gran maravilla del \u00c1vila.<\/span><\/p>\n<p><span>Participaron en la elaboraci\u00f3n de esta pieza, seis estudiantes muy talentosas como son: Sof\u00eda Querembel, Alejandra Golindano, Marieli Gonz\u00e1lez, In\u00e9s Andarcia, Isabella Golindano y Mariana Hern\u00e1ndez. Con el apoyo y supervisi\u00f3n de sus profesoras de arte, Indira Ramirez de la secci\u00f3n francesa y Marlyn P\u00e9rez de la secci\u00f3n venezolana.\u00a0<\/span><span><\/span><span><\/span><\/p>\n<p><span>Nos complace anunciar que la obra fue subastada por 425$ y su comprador fue el Dr. Ciro Mendoza. Todo el dinero recaudado fue en beneficio del Hogar Bambi<\/span><\/p>\n<p><span>Nos sentimos muy orgullosos de la creatividad plasmada en esta hermosa obra del \u00c1vila, por este grupo de estudiantes que trabajaron en equipo con disciplicina, constancia y dedicaci\u00f3n. <span style=\"color: #0c71c3;\"><strong>\u00a1Muchas felicidades!<\/strong><\/span><\/span><\/p>\n<p>[\/et_pb_text][\/et_pb_column][et_pb_column type=&#8221;1_3&#8243; _builder_version=&#8221;4.16&#8243; z_index=&#8221;10&#8243; custom_padding=&#8221;|||&#8221; global_colors_info=&#8221;{}&#8221; custom_padding__hover=&#8221;|||&#8221;][et_pb_blog fullwidth=&#8221;off&#8221; posts_number=&#8221;2&#8243; include_categories=&#8221;19,5&#8243; show_more=&#8221;on&#8221; show_author=&#8221;off&#8221; _builder_version=&#8221;4.16&#8243; pagination_font=&#8221;||||||||&#8221; border_radii=&#8221;on|15px|15px|15px|15px&#8221; border_radii_image=&#8221;||||&#8221; box_shadow_style=&#8221;preset1&#8243; global_colors_info=&#8221;{}&#8221;][\/et_pb_blog][\/et_pb_column][\/et_pb_row][\/et_pb_section]<\/p>\n","protected":false},"excerpt":{"rendered":"<p>Ambas secciones del Colegio Francia fueron invitadas a participar en el \u00abInterArt. Proyecto \u00c1vila\u00bb la primera competencia intercolegial de arte que organiz\u00f3 el Colegio Internacional de Caracas en alianza con la Fundaci\u00f3n Fenice Larralde y que rinde homenaje a nuestra ciudad, a la cultura y la integraci\u00f3n educativa.\u00a0 La obra tiene como t\u00edtulo \u00abAzules Caraque\u00f1os\u00bb [&hellip;]<\/p>\n","protected":false},"author":5,"featured_media":233578,"comment_status":"closed","ping_status":"closed","sticky":false,"template":"","format":"standard","meta":{"_et_pb_use_builder":"on","_et_pb_old_content":"","_et_gb_content_width":"","_monsterinsights_skip_tracking":false,"_monsterinsights_sitenote_active":false,"_monsterinsights_sitenote_note":"","_monsterinsights_sitenote_category":0,"footnotes":""},"categories":[7],"tags":[],"class_list":["post-233584","post","type-post","status-publish","format-standard","has-post-thumbnail","hentry","category-culturales"],"yoast_head":"<!-- This site is optimized with the Yoast SEO plugin v27.4 - https:\/\/yoast.com\/product\/yoast-seo-wordpress\/ -->\n<title>InterART Proyecto \u00c1vila - COLEGIO FRANCIA<\/title>\n<meta name=\"robots\" content=\"index, follow, max-snippet:-1, max-image-preview:large, max-video-preview:-1\" \/>\n<link rel=\"canonical\" href=\"https:\/\/cfcaracas.org\/sv\/interart-proyecto-avila\/\" \/>\n<meta property=\"og:locale\" content=\"en_US\" \/>\n<meta property=\"og:type\" content=\"article\" \/>\n<meta property=\"og:title\" content=\"InterART Proyecto \u00c1vila - COLEGIO FRANCIA\" \/>\n<meta property=\"og:description\" content=\"Ambas secciones del Colegio Francia fueron invitadas a participar en el \u00abInterArt. Proyecto \u00c1vila\u00bb la primera competencia intercolegial de arte que organiz\u00f3 el Colegio Internacional de Caracas en alianza con la Fundaci\u00f3n Fenice Larralde y que rinde homenaje a nuestra ciudad, a la cultura y la integraci\u00f3n educativa.\u00a0 La obra tiene como t\u00edtulo \u00abAzules Caraque\u00f1os\u00bb [&hellip;]\" \/>\n<meta property=\"og:url\" content=\"https:\/\/cfcaracas.org\/sv\/interart-proyecto-avila\/\" \/>\n<meta property=\"og:site_name\" content=\"COLEGIO FRANCIA\" \/>\n<meta property=\"article:published_time\" content=\"2022-05-19T12:41:31+00:00\" \/>\n<meta property=\"article:modified_time\" content=\"2022-05-19T12:41:32+00:00\" \/>\n<meta property=\"og:image\" content=\"https:\/\/cfcaracas.org\/sv\/wp-content\/uploads\/Foto-InterArt-1024x768.png\" \/>\n\t<meta property=\"og:image:width\" content=\"1024\" \/>\n\t<meta property=\"og:image:height\" content=\"768\" \/>\n\t<meta property=\"og:image:type\" content=\"image\/png\" \/>\n<meta name=\"author\" content=\"Veronica Sierra\" \/>\n<meta name=\"twitter:card\" content=\"summary_large_image\" \/>\n<meta name=\"twitter:creator\" content=\"@adminrvt\" \/>\n<meta name=\"twitter:label1\" content=\"Written by\" \/>\n\t<meta name=\"twitter:data1\" content=\"Veronica Sierra\" \/>\n\t<meta name=\"twitter:label2\" content=\"Est. reading time\" \/>\n\t<meta name=\"twitter:data2\" content=\"1 minute\" \/>\n<script type=\"application\/ld+json\" class=\"yoast-schema-graph\">{\"@context\":\"https:\\\/\\\/schema.org\",\"@graph\":[{\"@type\":\"Article\",\"@id\":\"https:\\\/\\\/cfcaracas.org\\\/sv\\\/interart-proyecto-avila\\\/#article\",\"isPartOf\":{\"@id\":\"https:\\\/\\\/cfcaracas.org\\\/sv\\\/interart-proyecto-avila\\\/\"},\"author\":{\"name\":\"Veronica Sierra\",\"@id\":\"https:\\\/\\\/cfcaracas.org\\\/sv\\\/#\\\/schema\\\/person\\\/6e837809a0bdd906426fdb9d105ebc6a\"},\"headline\":\"InterART Proyecto \u00c1vila\",\"datePublished\":\"2022-05-19T12:41:31+00:00\",\"dateModified\":\"2022-05-19T12:41:32+00:00\",\"mainEntityOfPage\":{\"@id\":\"https:\\\/\\\/cfcaracas.org\\\/sv\\\/interart-proyecto-avila\\\/\"},\"wordCount\":548,\"publisher\":{\"@id\":\"https:\\\/\\\/cfcaracas.org\\\/sv\\\/#organization\"},\"image\":{\"@id\":\"https:\\\/\\\/cfcaracas.org\\\/sv\\\/interart-proyecto-avila\\\/#primaryimage\"},\"thumbnailUrl\":\"https:\\\/\\\/cfcaracas.org\\\/sv\\\/wp-content\\\/uploads\\\/Foto-InterArt.png\",\"articleSection\":[\"Culturales\"],\"inLanguage\":\"en-US\"},{\"@type\":\"WebPage\",\"@id\":\"https:\\\/\\\/cfcaracas.org\\\/sv\\\/interart-proyecto-avila\\\/\",\"url\":\"https:\\\/\\\/cfcaracas.org\\\/sv\\\/interart-proyecto-avila\\\/\",\"name\":\"InterART Proyecto \u00c1vila - COLEGIO FRANCIA\",\"isPartOf\":{\"@id\":\"https:\\\/\\\/cfcaracas.org\\\/sv\\\/#website\"},\"primaryImageOfPage\":{\"@id\":\"https:\\\/\\\/cfcaracas.org\\\/sv\\\/interart-proyecto-avila\\\/#primaryimage\"},\"image\":{\"@id\":\"https:\\\/\\\/cfcaracas.org\\\/sv\\\/interart-proyecto-avila\\\/#primaryimage\"},\"thumbnailUrl\":\"https:\\\/\\\/cfcaracas.org\\\/sv\\\/wp-content\\\/uploads\\\/Foto-InterArt.png\",\"datePublished\":\"2022-05-19T12:41:31+00:00\",\"dateModified\":\"2022-05-19T12:41:32+00:00\",\"breadcrumb\":{\"@id\":\"https:\\\/\\\/cfcaracas.org\\\/sv\\\/interart-proyecto-avila\\\/#breadcrumb\"},\"inLanguage\":\"en-US\",\"potentialAction\":[{\"@type\":\"ReadAction\",\"target\":[\"https:\\\/\\\/cfcaracas.org\\\/sv\\\/interart-proyecto-avila\\\/\"]}]},{\"@type\":\"ImageObject\",\"inLanguage\":\"en-US\",\"@id\":\"https:\\\/\\\/cfcaracas.org\\\/sv\\\/interart-proyecto-avila\\\/#primaryimage\",\"url\":\"https:\\\/\\\/cfcaracas.org\\\/sv\\\/wp-content\\\/uploads\\\/Foto-InterArt.png\",\"contentUrl\":\"https:\\\/\\\/cfcaracas.org\\\/sv\\\/wp-content\\\/uploads\\\/Foto-InterArt.png\",\"width\":1668,\"height\":1251},{\"@type\":\"BreadcrumbList\",\"@id\":\"https:\\\/\\\/cfcaracas.org\\\/sv\\\/interart-proyecto-avila\\\/#breadcrumb\",\"itemListElement\":[{\"@type\":\"ListItem\",\"position\":1,\"name\":\"Home\",\"item\":\"https:\\\/\\\/cfcaracas.org\\\/sv\\\/\"},{\"@type\":\"ListItem\",\"position\":2,\"name\":\"InterART Proyecto \u00c1vila\"}]},{\"@type\":\"WebSite\",\"@id\":\"https:\\\/\\\/cfcaracas.org\\\/sv\\\/#website\",\"url\":\"https:\\\/\\\/cfcaracas.org\\\/sv\\\/\",\"name\":\"COLEGIO FRANCIA\",\"description\":\"Colegio Francia, algo m\u00e1s que un colegio\",\"publisher\":{\"@id\":\"https:\\\/\\\/cfcaracas.org\\\/sv\\\/#organization\"},\"potentialAction\":[{\"@type\":\"SearchAction\",\"target\":{\"@type\":\"EntryPoint\",\"urlTemplate\":\"https:\\\/\\\/cfcaracas.org\\\/sv\\\/?s={search_term_string}\"},\"query-input\":{\"@type\":\"PropertyValueSpecification\",\"valueRequired\":true,\"valueName\":\"search_term_string\"}}],\"inLanguage\":\"en-US\"},{\"@type\":\"Organization\",\"@id\":\"https:\\\/\\\/cfcaracas.org\\\/sv\\\/#organization\",\"name\":\"U.E. Colegio Francia de Caracas\",\"url\":\"https:\\\/\\\/cfcaracas.org\\\/sv\\\/\",\"logo\":{\"@type\":\"ImageObject\",\"inLanguage\":\"en-US\",\"@id\":\"https:\\\/\\\/cfcaracas.org\\\/sv\\\/#\\\/schema\\\/logo\\\/image\\\/\",\"url\":\"https:\\\/\\\/cfcaracas.org\\\/sv\\\/wp-content\\\/uploads\\\/LOGO-COLEGIO-FRANCIA-01.png\",\"contentUrl\":\"https:\\\/\\\/cfcaracas.org\\\/sv\\\/wp-content\\\/uploads\\\/LOGO-COLEGIO-FRANCIA-01.png\",\"width\":851,\"height\":1135,\"caption\":\"U.E. Colegio Francia de Caracas\"},\"image\":{\"@id\":\"https:\\\/\\\/cfcaracas.org\\\/sv\\\/#\\\/schema\\\/logo\\\/image\\\/\"}},{\"@type\":\"Person\",\"@id\":\"https:\\\/\\\/cfcaracas.org\\\/sv\\\/#\\\/schema\\\/person\\\/6e837809a0bdd906426fdb9d105ebc6a\",\"name\":\"Veronica Sierra\",\"image\":{\"@type\":\"ImageObject\",\"inLanguage\":\"en-US\",\"@id\":\"https:\\\/\\\/secure.gravatar.com\\\/avatar\\\/6c929a99c0a2a25da0ade571f47362ba2525b1e77059ff6eac007c3826d216e4?s=96&d=mm&r=g\",\"url\":\"https:\\\/\\\/secure.gravatar.com\\\/avatar\\\/6c929a99c0a2a25da0ade571f47362ba2525b1e77059ff6eac007c3826d216e4?s=96&d=mm&r=g\",\"contentUrl\":\"https:\\\/\\\/secure.gravatar.com\\\/avatar\\\/6c929a99c0a2a25da0ade571f47362ba2525b1e77059ff6eac007c3826d216e4?s=96&d=mm&r=g\",\"caption\":\"Veronica Sierra\"},\"sameAs\":[\"https:\\\/\\\/x.com\\\/adminrvt\"],\"url\":\"https:\\\/\\\/cfcaracas.org\\\/sv\\\/author\\\/vsierra\\\/\"}]}<\/script>\n<!-- \/ Yoast SEO plugin. -->","yoast_head_json":{"title":"InterART Proyecto \u00c1vila - COLEGIO FRANCIA","robots":{"index":"index","follow":"follow","max-snippet":"max-snippet:-1","max-image-preview":"max-image-preview:large","max-video-preview":"max-video-preview:-1"},"canonical":"https:\/\/cfcaracas.org\/sv\/interart-proyecto-avila\/","og_locale":"en_US","og_type":"article","og_title":"InterART Proyecto \u00c1vila - COLEGIO FRANCIA","og_description":"Ambas secciones del Colegio Francia fueron invitadas a participar en el \u00abInterArt. Proyecto \u00c1vila\u00bb la primera competencia intercolegial de arte que organiz\u00f3 el Colegio Internacional de Caracas en alianza con la Fundaci\u00f3n Fenice Larralde y que rinde homenaje a nuestra ciudad, a la cultura y la integraci\u00f3n educativa.\u00a0 La obra tiene como t\u00edtulo \u00abAzules Caraque\u00f1os\u00bb [&hellip;]","og_url":"https:\/\/cfcaracas.org\/sv\/interart-proyecto-avila\/","og_site_name":"COLEGIO FRANCIA","article_published_time":"2022-05-19T12:41:31+00:00","article_modified_time":"2022-05-19T12:41:32+00:00","og_image":[{"width":1024,"height":768,"url":"https:\/\/cfcaracas.org\/sv\/wp-content\/uploads\/Foto-InterArt-1024x768.png","type":"image\/png"}],"author":"Veronica Sierra","twitter_card":"summary_large_image","twitter_creator":"@adminrvt","twitter_misc":{"Written by":"Veronica Sierra","Est. reading time":"1 minute"},"schema":{"@context":"https:\/\/schema.org","@graph":[{"@type":"Article","@id":"https:\/\/cfcaracas.org\/sv\/interart-proyecto-avila\/#article","isPartOf":{"@id":"https:\/\/cfcaracas.org\/sv\/interart-proyecto-avila\/"},"author":{"name":"Veronica Sierra","@id":"https:\/\/cfcaracas.org\/sv\/#\/schema\/person\/6e837809a0bdd906426fdb9d105ebc6a"},"headline":"InterART Proyecto \u00c1vila","datePublished":"2022-05-19T12:41:31+00:00","dateModified":"2022-05-19T12:41:32+00:00","mainEntityOfPage":{"@id":"https:\/\/cfcaracas.org\/sv\/interart-proyecto-avila\/"},"wordCount":548,"publisher":{"@id":"https:\/\/cfcaracas.org\/sv\/#organization"},"image":{"@id":"https:\/\/cfcaracas.org\/sv\/interart-proyecto-avila\/#primaryimage"},"thumbnailUrl":"https:\/\/cfcaracas.org\/sv\/wp-content\/uploads\/Foto-InterArt.png","articleSection":["Culturales"],"inLanguage":"en-US"},{"@type":"WebPage","@id":"https:\/\/cfcaracas.org\/sv\/interart-proyecto-avila\/","url":"https:\/\/cfcaracas.org\/sv\/interart-proyecto-avila\/","name":"InterART Proyecto \u00c1vila - COLEGIO FRANCIA","isPartOf":{"@id":"https:\/\/cfcaracas.org\/sv\/#website"},"primaryImageOfPage":{"@id":"https:\/\/cfcaracas.org\/sv\/interart-proyecto-avila\/#primaryimage"},"image":{"@id":"https:\/\/cfcaracas.org\/sv\/interart-proyecto-avila\/#primaryimage"},"thumbnailUrl":"https:\/\/cfcaracas.org\/sv\/wp-content\/uploads\/Foto-InterArt.png","datePublished":"2022-05-19T12:41:31+00:00","dateModified":"2022-05-19T12:41:32+00:00","breadcrumb":{"@id":"https:\/\/cfcaracas.org\/sv\/interart-proyecto-avila\/#breadcrumb"},"inLanguage":"en-US","potentialAction":[{"@type":"ReadAction","target":["https:\/\/cfcaracas.org\/sv\/interart-proyecto-avila\/"]}]},{"@type":"ImageObject","inLanguage":"en-US","@id":"https:\/\/cfcaracas.org\/sv\/interart-proyecto-avila\/#primaryimage","url":"https:\/\/cfcaracas.org\/sv\/wp-content\/uploads\/Foto-InterArt.png","contentUrl":"https:\/\/cfcaracas.org\/sv\/wp-content\/uploads\/Foto-InterArt.png","width":1668,"height":1251},{"@type":"BreadcrumbList","@id":"https:\/\/cfcaracas.org\/sv\/interart-proyecto-avila\/#breadcrumb","itemListElement":[{"@type":"ListItem","position":1,"name":"Home","item":"https:\/\/cfcaracas.org\/sv\/"},{"@type":"ListItem","position":2,"name":"InterART Proyecto \u00c1vila"}]},{"@type":"WebSite","@id":"https:\/\/cfcaracas.org\/sv\/#website","url":"https:\/\/cfcaracas.org\/sv\/","name":"COLEGIO FRANCIA","description":"Colegio Francia, algo m\u00e1s que un colegio","publisher":{"@id":"https:\/\/cfcaracas.org\/sv\/#organization"},"potentialAction":[{"@type":"SearchAction","target":{"@type":"EntryPoint","urlTemplate":"https:\/\/cfcaracas.org\/sv\/?s={search_term_string}"},"query-input":{"@type":"PropertyValueSpecification","valueRequired":true,"valueName":"search_term_string"}}],"inLanguage":"en-US"},{"@type":"Organization","@id":"https:\/\/cfcaracas.org\/sv\/#organization","name":"U.E. Colegio Francia de Caracas","url":"https:\/\/cfcaracas.org\/sv\/","logo":{"@type":"ImageObject","inLanguage":"en-US","@id":"https:\/\/cfcaracas.org\/sv\/#\/schema\/logo\/image\/","url":"https:\/\/cfcaracas.org\/sv\/wp-content\/uploads\/LOGO-COLEGIO-FRANCIA-01.png","contentUrl":"https:\/\/cfcaracas.org\/sv\/wp-content\/uploads\/LOGO-COLEGIO-FRANCIA-01.png","width":851,"height":1135,"caption":"U.E. Colegio Francia de Caracas"},"image":{"@id":"https:\/\/cfcaracas.org\/sv\/#\/schema\/logo\/image\/"}},{"@type":"Person","@id":"https:\/\/cfcaracas.org\/sv\/#\/schema\/person\/6e837809a0bdd906426fdb9d105ebc6a","name":"Veronica Sierra","image":{"@type":"ImageObject","inLanguage":"en-US","@id":"https:\/\/secure.gravatar.com\/avatar\/6c929a99c0a2a25da0ade571f47362ba2525b1e77059ff6eac007c3826d216e4?s=96&d=mm&r=g","url":"https:\/\/secure.gravatar.com\/avatar\/6c929a99c0a2a25da0ade571f47362ba2525b1e77059ff6eac007c3826d216e4?s=96&d=mm&r=g","contentUrl":"https:\/\/secure.gravatar.com\/avatar\/6c929a99c0a2a25da0ade571f47362ba2525b1e77059ff6eac007c3826d216e4?s=96&d=mm&r=g","caption":"Veronica Sierra"},"sameAs":["https:\/\/x.com\/adminrvt"],"url":"https:\/\/cfcaracas.org\/sv\/author\/vsierra\/"}]}},"_links":{"self":[{"href":"https:\/\/cfcaracas.org\/sv\/wp-json\/wp\/v2\/posts\/233584","targetHints":{"allow":["GET"]}}],"collection":[{"href":"https:\/\/cfcaracas.org\/sv\/wp-json\/wp\/v2\/posts"}],"about":[{"href":"https:\/\/cfcaracas.org\/sv\/wp-json\/wp\/v2\/types\/post"}],"author":[{"embeddable":true,"href":"https:\/\/cfcaracas.org\/sv\/wp-json\/wp\/v2\/users\/5"}],"replies":[{"embeddable":true,"href":"https:\/\/cfcaracas.org\/sv\/wp-json\/wp\/v2\/comments?post=233584"}],"version-history":[{"count":0,"href":"https:\/\/cfcaracas.org\/sv\/wp-json\/wp\/v2\/posts\/233584\/revisions"}],"wp:featuredmedia":[{"embeddable":true,"href":"https:\/\/cfcaracas.org\/sv\/wp-json\/wp\/v2\/media\/233578"}],"wp:attachment":[{"href":"https:\/\/cfcaracas.org\/sv\/wp-json\/wp\/v2\/media?parent=233584"}],"wp:term":[{"taxonomy":"category","embeddable":true,"href":"https:\/\/cfcaracas.org\/sv\/wp-json\/wp\/v2\/categories?post=233584"},{"taxonomy":"post_tag","embeddable":true,"href":"https:\/\/cfcaracas.org\/sv\/wp-json\/wp\/v2\/tags?post=233584"}],"curies":[{"name":"wp","href":"https:\/\/api.w.org\/{rel}","templated":true}]}}