{"id":234982,"date":"2023-01-19T15:25:23","date_gmt":"2023-01-19T19:25:23","guid":{"rendered":"https:\/\/cfcaracas.org\/sv\/?p=234982"},"modified":"2023-01-19T15:27:15","modified_gmt":"2023-01-19T19:27:15","slug":"taller-de-autoestima","status":"publish","type":"post","link":"https:\/\/cfcaracas.org\/sv\/taller-de-autoestima\/","title":{"rendered":"Taller de autoestima"},"content":{"rendered":"<p>[et_pb_section fb_built=&#8221;1&#8243; _builder_version=&#8221;4.16&#8243; background_color=&#8221;#e9eff3&#8243; background_image=&#8221;https:\/\/cfcaracas.org\/sv\/wp-content\/uploads\/shapes-bg-color.png&#8221; parallax=&#8221;on&#8221; custom_padding=&#8221;27px||0px|||&#8221; bottom_divider_color=&#8221;#065b99&#8243; global_colors_info=&#8221;{}&#8221;][et_pb_row _builder_version=&#8221;4.16&#8243; custom_padding=&#8221;0px||0px|||&#8221; global_colors_info=&#8221;{}&#8221;][et_pb_column type=&#8221;4_4&#8243; _builder_version=&#8221;4.16&#8243; global_colors_info=&#8221;{}&#8221;][et_pb_dmb_breadcrumbs font_icon=&#8221;%%194%%&#8221; home_icon=&#8221;%%236%%&#8221; use_home_text=&#8221;on&#8221; home_text=&#8221;Inicio&#8221; _builder_version=&#8221;4.16&#8243; body_font=&#8221;|600|||||||&#8221; separator_text_color=&#8221;#0c71c3&#8243; global_colors_info=&#8221;{}&#8221;][\/et_pb_dmb_breadcrumbs][\/et_pb_column][\/et_pb_row][et_pb_row column_structure=&#8221;2_3,1_3&#8243; make_equal=&#8221;off&#8221; _builder_version=&#8221;4.16&#8243; custom_padding=&#8221;||0px||false|false&#8221; global_colors_info=&#8221;{}&#8221;][et_pb_column type=&#8221;2_3&#8243; _builder_version=&#8221;4.16&#8243; background_color=&#8221;#ffffff&#8221; custom_padding=&#8221;25px|25px|25px|25px|true|true&#8221; border_radii=&#8221;on|16px|16px|16px|16px&#8221; box_shadow_style=&#8221;preset2&#8243; global_colors_info=&#8221;{}&#8221; custom_padding__hover=&#8221;|||&#8221;][et_pb_image src=&#8221;@ET-DC@eyJkeW5hbWljIjp0cnVlLCJjb250ZW50IjoicG9zdF9mZWF0dXJlZF9pbWFnZSIsInNldHRpbmdzIjp7fX0=@&#8221; _builder_version=&#8221;4.16&#8243; _dynamic_attributes=&#8221;src&#8221; locked=&#8221;on&#8221; global_colors_info=&#8221;{}&#8221;][\/et_pb_image][et_pb_text _builder_version=&#8221;4.16&#8243; _dynamic_attributes=&#8221;content&#8221; locked=&#8221;on&#8221; global_colors_info=&#8221;{}&#8221;]@ET-DC@eyJkeW5hbWljIjp0cnVlLCJjb250ZW50IjoicG9zdF90aXRsZSIsInNldHRpbmdzIjp7ImJlZm9yZSI6IjxoMT4iLCJhZnRlciI6IjwvaDE+In19@[\/et_pb_text][et_pb_text _builder_version=&#8221;4.19.1&#8243; global_colors_info=&#8221;{}&#8221;]<\/p>\n<div class=\"gmail_default\">\n<p>Los estudiantes de 1er A\u00f1o de Media General asistieron a un taller de autoestima dictado por la psic\u00f3loga del colegio, Eglee Castillo conjuntamente con la prof. Magbys Morales coordinadora del departamento de Orientaci\u00f3n.<\/p>\n<p>El taller de autoestima tiene como objetivo el que los adolescentes puedan hacer una introspecci\u00f3n personal, donde reconozca sus valores, cualidades y adquieran autonom\u00eda, con capacidad de enfrentar sus problemas y confianza en s\u00ed mismo, modificando as\u00ed, los aspectos que sean obst\u00e1culos en su funcionamiento diario y calidad de vida, los cuales ser\u00e1 favorable en la relaci\u00f3n consigo mismo y con los dem\u00e1s.<\/p>\n<p>En la adolescencia, la opini\u00f3n externa y la pertenencia a un grupo son factores decisivos para la construcci\u00f3n de la identidad. Por lo tanto, aprender c\u00f3mo mejorar la autoestima es la base para afrontar esta etapa con resultados positivos que se reflejar\u00e1n en un adulto sano.<\/p>\n<\/div>\n<p>[\/et_pb_text][\/et_pb_column][et_pb_column type=&#8221;1_3&#8243; _builder_version=&#8221;4.16&#8243; z_index=&#8221;10&#8243; custom_padding=&#8221;|||&#8221; global_colors_info=&#8221;{}&#8221; custom_padding__hover=&#8221;|||&#8221;][et_pb_blog fullwidth=&#8221;off&#8221; posts_number=&#8221;2&#8243; include_categories=&#8221;19,5&#8243; show_more=&#8221;on&#8221; show_author=&#8221;off&#8221; _builder_version=&#8221;4.16&#8243; pagination_font=&#8221;||||||||&#8221; border_radii=&#8221;on|15px|15px|15px|15px&#8221; border_radii_image=&#8221;||||&#8221; box_shadow_style=&#8221;preset1&#8243; global_colors_info=&#8221;{}&#8221;][\/et_pb_blog][\/et_pb_column][\/et_pb_row][\/et_pb_section]<\/p>\n","protected":false},"excerpt":{"rendered":"<p>Los estudiantes de 1er A\u00f1o de Media General asistieron a un taller de autoestima dictado por la psic\u00f3loga del colegio, Eglee Castillo conjuntamente con la prof. Magbys Morales coordinadora del departamento de Orientaci\u00f3n. El taller de autoestima tiene como objetivo el que los adolescentes puedan hacer una introspecci\u00f3n personal, donde reconozca sus valores, cualidades y [&hellip;]<\/p>\n","protected":false},"author":5,"featured_media":234984,"comment_status":"closed","ping_status":"closed","sticky":false,"template":"","format":"standard","meta":{"_et_pb_use_builder":"on","_et_pb_old_content":"","_et_gb_content_width":"","_monsterinsights_skip_tracking":false,"_monsterinsights_sitenote_active":false,"_monsterinsights_sitenote_note":"","_monsterinsights_sitenote_category":0,"footnotes":""},"categories":[7],"tags":[],"class_list":["post-234982","post","type-post","status-publish","format-standard","has-post-thumbnail","hentry","category-culturales"],"yoast_head":"<!-- This site is optimized with the Yoast SEO plugin v27.4 - https:\/\/yoast.com\/product\/yoast-seo-wordpress\/ -->\n<title>Taller de autoestima - COLEGIO FRANCIA<\/title>\n<meta name=\"robots\" content=\"index, follow, max-snippet:-1, max-image-preview:large, max-video-preview:-1\" \/>\n<link rel=\"canonical\" href=\"https:\/\/cfcaracas.org\/sv\/taller-de-autoestima\/\" \/>\n<meta property=\"og:locale\" content=\"en_US\" \/>\n<meta property=\"og:type\" content=\"article\" \/>\n<meta property=\"og:title\" content=\"Taller de autoestima - COLEGIO FRANCIA\" \/>\n<meta property=\"og:description\" content=\"Los estudiantes de 1er A\u00f1o de Media General asistieron a un taller de autoestima dictado por la psic\u00f3loga del colegio, Eglee Castillo conjuntamente con la prof. Magbys Morales coordinadora del departamento de Orientaci\u00f3n. El taller de autoestima tiene como objetivo el que los adolescentes puedan hacer una introspecci\u00f3n personal, donde reconozca sus valores, cualidades y [&hellip;]\" \/>\n<meta property=\"og:url\" content=\"https:\/\/cfcaracas.org\/sv\/taller-de-autoestima\/\" \/>\n<meta property=\"og:site_name\" content=\"COLEGIO FRANCIA\" \/>\n<meta property=\"article:published_time\" content=\"2023-01-19T19:25:23+00:00\" \/>\n<meta property=\"article:modified_time\" content=\"2023-01-19T19:27:15+00:00\" \/>\n<meta property=\"og:image\" content=\"https:\/\/cfcaracas.org\/sv\/wp-content\/uploads\/WEB_Fotos-Noticias-1.jpg\" \/>\n\t<meta property=\"og:image:width\" content=\"1668\" \/>\n\t<meta property=\"og:image:height\" content=\"1251\" \/>\n\t<meta property=\"og:image:type\" content=\"image\/jpeg\" \/>\n<meta name=\"author\" content=\"Veronica Sierra\" \/>\n<meta name=\"twitter:card\" content=\"summary_large_image\" \/>\n<meta name=\"twitter:creator\" content=\"@adminrvt\" \/>\n<meta name=\"twitter:label1\" content=\"Written by\" \/>\n\t<meta name=\"twitter:data1\" content=\"Veronica Sierra\" \/>\n\t<meta name=\"twitter:label2\" content=\"Est. reading time\" \/>\n\t<meta name=\"twitter:data2\" content=\"1 minute\" \/>\n<script type=\"application\/ld+json\" class=\"yoast-schema-graph\">{\"@context\":\"https:\\\/\\\/schema.org\",\"@graph\":[{\"@type\":\"Article\",\"@id\":\"https:\\\/\\\/cfcaracas.org\\\/sv\\\/taller-de-autoestima\\\/#article\",\"isPartOf\":{\"@id\":\"https:\\\/\\\/cfcaracas.org\\\/sv\\\/taller-de-autoestima\\\/\"},\"author\":{\"name\":\"Veronica Sierra\",\"@id\":\"https:\\\/\\\/cfcaracas.org\\\/sv\\\/#\\\/schema\\\/person\\\/6e837809a0bdd906426fdb9d105ebc6a\"},\"headline\":\"Taller de autoestima\",\"datePublished\":\"2023-01-19T19:25:23+00:00\",\"dateModified\":\"2023-01-19T19:27:15+00:00\",\"mainEntityOfPage\":{\"@id\":\"https:\\\/\\\/cfcaracas.org\\\/sv\\\/taller-de-autoestima\\\/\"},\"wordCount\":437,\"publisher\":{\"@id\":\"https:\\\/\\\/cfcaracas.org\\\/sv\\\/#organization\"},\"image\":{\"@id\":\"https:\\\/\\\/cfcaracas.org\\\/sv\\\/taller-de-autoestima\\\/#primaryimage\"},\"thumbnailUrl\":\"https:\\\/\\\/cfcaracas.org\\\/sv\\\/wp-content\\\/uploads\\\/WEB_Fotos-Noticias-1.jpg\",\"articleSection\":[\"Culturales\"],\"inLanguage\":\"en-US\"},{\"@type\":\"WebPage\",\"@id\":\"https:\\\/\\\/cfcaracas.org\\\/sv\\\/taller-de-autoestima\\\/\",\"url\":\"https:\\\/\\\/cfcaracas.org\\\/sv\\\/taller-de-autoestima\\\/\",\"name\":\"Taller de autoestima - COLEGIO FRANCIA\",\"isPartOf\":{\"@id\":\"https:\\\/\\\/cfcaracas.org\\\/sv\\\/#website\"},\"primaryImageOfPage\":{\"@id\":\"https:\\\/\\\/cfcaracas.org\\\/sv\\\/taller-de-autoestima\\\/#primaryimage\"},\"image\":{\"@id\":\"https:\\\/\\\/cfcaracas.org\\\/sv\\\/taller-de-autoestima\\\/#primaryimage\"},\"thumbnailUrl\":\"https:\\\/\\\/cfcaracas.org\\\/sv\\\/wp-content\\\/uploads\\\/WEB_Fotos-Noticias-1.jpg\",\"datePublished\":\"2023-01-19T19:25:23+00:00\",\"dateModified\":\"2023-01-19T19:27:15+00:00\",\"breadcrumb\":{\"@id\":\"https:\\\/\\\/cfcaracas.org\\\/sv\\\/taller-de-autoestima\\\/#breadcrumb\"},\"inLanguage\":\"en-US\",\"potentialAction\":[{\"@type\":\"ReadAction\",\"target\":[\"https:\\\/\\\/cfcaracas.org\\\/sv\\\/taller-de-autoestima\\\/\"]}]},{\"@type\":\"ImageObject\",\"inLanguage\":\"en-US\",\"@id\":\"https:\\\/\\\/cfcaracas.org\\\/sv\\\/taller-de-autoestima\\\/#primaryimage\",\"url\":\"https:\\\/\\\/cfcaracas.org\\\/sv\\\/wp-content\\\/uploads\\\/WEB_Fotos-Noticias-1.jpg\",\"contentUrl\":\"https:\\\/\\\/cfcaracas.org\\\/sv\\\/wp-content\\\/uploads\\\/WEB_Fotos-Noticias-1.jpg\",\"width\":1668,\"height\":1251},{\"@type\":\"BreadcrumbList\",\"@id\":\"https:\\\/\\\/cfcaracas.org\\\/sv\\\/taller-de-autoestima\\\/#breadcrumb\",\"itemListElement\":[{\"@type\":\"ListItem\",\"position\":1,\"name\":\"Home\",\"item\":\"https:\\\/\\\/cfcaracas.org\\\/sv\\\/\"},{\"@type\":\"ListItem\",\"position\":2,\"name\":\"Taller de autoestima\"}]},{\"@type\":\"WebSite\",\"@id\":\"https:\\\/\\\/cfcaracas.org\\\/sv\\\/#website\",\"url\":\"https:\\\/\\\/cfcaracas.org\\\/sv\\\/\",\"name\":\"COLEGIO FRANCIA\",\"description\":\"Colegio Francia, algo m\u00e1s que un colegio\",\"publisher\":{\"@id\":\"https:\\\/\\\/cfcaracas.org\\\/sv\\\/#organization\"},\"potentialAction\":[{\"@type\":\"SearchAction\",\"target\":{\"@type\":\"EntryPoint\",\"urlTemplate\":\"https:\\\/\\\/cfcaracas.org\\\/sv\\\/?s={search_term_string}\"},\"query-input\":{\"@type\":\"PropertyValueSpecification\",\"valueRequired\":true,\"valueName\":\"search_term_string\"}}],\"inLanguage\":\"en-US\"},{\"@type\":\"Organization\",\"@id\":\"https:\\\/\\\/cfcaracas.org\\\/sv\\\/#organization\",\"name\":\"U.E. Colegio Francia de Caracas\",\"url\":\"https:\\\/\\\/cfcaracas.org\\\/sv\\\/\",\"logo\":{\"@type\":\"ImageObject\",\"inLanguage\":\"en-US\",\"@id\":\"https:\\\/\\\/cfcaracas.org\\\/sv\\\/#\\\/schema\\\/logo\\\/image\\\/\",\"url\":\"https:\\\/\\\/cfcaracas.org\\\/sv\\\/wp-content\\\/uploads\\\/LOGO-COLEGIO-FRANCIA-01.png\",\"contentUrl\":\"https:\\\/\\\/cfcaracas.org\\\/sv\\\/wp-content\\\/uploads\\\/LOGO-COLEGIO-FRANCIA-01.png\",\"width\":851,\"height\":1135,\"caption\":\"U.E. Colegio Francia de Caracas\"},\"image\":{\"@id\":\"https:\\\/\\\/cfcaracas.org\\\/sv\\\/#\\\/schema\\\/logo\\\/image\\\/\"}},{\"@type\":\"Person\",\"@id\":\"https:\\\/\\\/cfcaracas.org\\\/sv\\\/#\\\/schema\\\/person\\\/6e837809a0bdd906426fdb9d105ebc6a\",\"name\":\"Veronica Sierra\",\"image\":{\"@type\":\"ImageObject\",\"inLanguage\":\"en-US\",\"@id\":\"https:\\\/\\\/secure.gravatar.com\\\/avatar\\\/6c929a99c0a2a25da0ade571f47362ba2525b1e77059ff6eac007c3826d216e4?s=96&d=mm&r=g\",\"url\":\"https:\\\/\\\/secure.gravatar.com\\\/avatar\\\/6c929a99c0a2a25da0ade571f47362ba2525b1e77059ff6eac007c3826d216e4?s=96&d=mm&r=g\",\"contentUrl\":\"https:\\\/\\\/secure.gravatar.com\\\/avatar\\\/6c929a99c0a2a25da0ade571f47362ba2525b1e77059ff6eac007c3826d216e4?s=96&d=mm&r=g\",\"caption\":\"Veronica Sierra\"},\"sameAs\":[\"https:\\\/\\\/x.com\\\/adminrvt\"],\"url\":\"https:\\\/\\\/cfcaracas.org\\\/sv\\\/author\\\/vsierra\\\/\"}]}<\/script>\n<!-- \/ Yoast SEO plugin. -->","yoast_head_json":{"title":"Taller de autoestima - COLEGIO FRANCIA","robots":{"index":"index","follow":"follow","max-snippet":"max-snippet:-1","max-image-preview":"max-image-preview:large","max-video-preview":"max-video-preview:-1"},"canonical":"https:\/\/cfcaracas.org\/sv\/taller-de-autoestima\/","og_locale":"en_US","og_type":"article","og_title":"Taller de autoestima - COLEGIO FRANCIA","og_description":"Los estudiantes de 1er A\u00f1o de Media General asistieron a un taller de autoestima dictado por la psic\u00f3loga del colegio, Eglee Castillo conjuntamente con la prof. Magbys Morales coordinadora del departamento de Orientaci\u00f3n. El taller de autoestima tiene como objetivo el que los adolescentes puedan hacer una introspecci\u00f3n personal, donde reconozca sus valores, cualidades y [&hellip;]","og_url":"https:\/\/cfcaracas.org\/sv\/taller-de-autoestima\/","og_site_name":"COLEGIO FRANCIA","article_published_time":"2023-01-19T19:25:23+00:00","article_modified_time":"2023-01-19T19:27:15+00:00","og_image":[{"width":1668,"height":1251,"url":"https:\/\/cfcaracas.org\/sv\/wp-content\/uploads\/WEB_Fotos-Noticias-1.jpg","type":"image\/jpeg"}],"author":"Veronica Sierra","twitter_card":"summary_large_image","twitter_creator":"@adminrvt","twitter_misc":{"Written by":"Veronica Sierra","Est. reading time":"1 minute"},"schema":{"@context":"https:\/\/schema.org","@graph":[{"@type":"Article","@id":"https:\/\/cfcaracas.org\/sv\/taller-de-autoestima\/#article","isPartOf":{"@id":"https:\/\/cfcaracas.org\/sv\/taller-de-autoestima\/"},"author":{"name":"Veronica Sierra","@id":"https:\/\/cfcaracas.org\/sv\/#\/schema\/person\/6e837809a0bdd906426fdb9d105ebc6a"},"headline":"Taller de autoestima","datePublished":"2023-01-19T19:25:23+00:00","dateModified":"2023-01-19T19:27:15+00:00","mainEntityOfPage":{"@id":"https:\/\/cfcaracas.org\/sv\/taller-de-autoestima\/"},"wordCount":437,"publisher":{"@id":"https:\/\/cfcaracas.org\/sv\/#organization"},"image":{"@id":"https:\/\/cfcaracas.org\/sv\/taller-de-autoestima\/#primaryimage"},"thumbnailUrl":"https:\/\/cfcaracas.org\/sv\/wp-content\/uploads\/WEB_Fotos-Noticias-1.jpg","articleSection":["Culturales"],"inLanguage":"en-US"},{"@type":"WebPage","@id":"https:\/\/cfcaracas.org\/sv\/taller-de-autoestima\/","url":"https:\/\/cfcaracas.org\/sv\/taller-de-autoestima\/","name":"Taller de autoestima - COLEGIO FRANCIA","isPartOf":{"@id":"https:\/\/cfcaracas.org\/sv\/#website"},"primaryImageOfPage":{"@id":"https:\/\/cfcaracas.org\/sv\/taller-de-autoestima\/#primaryimage"},"image":{"@id":"https:\/\/cfcaracas.org\/sv\/taller-de-autoestima\/#primaryimage"},"thumbnailUrl":"https:\/\/cfcaracas.org\/sv\/wp-content\/uploads\/WEB_Fotos-Noticias-1.jpg","datePublished":"2023-01-19T19:25:23+00:00","dateModified":"2023-01-19T19:27:15+00:00","breadcrumb":{"@id":"https:\/\/cfcaracas.org\/sv\/taller-de-autoestima\/#breadcrumb"},"inLanguage":"en-US","potentialAction":[{"@type":"ReadAction","target":["https:\/\/cfcaracas.org\/sv\/taller-de-autoestima\/"]}]},{"@type":"ImageObject","inLanguage":"en-US","@id":"https:\/\/cfcaracas.org\/sv\/taller-de-autoestima\/#primaryimage","url":"https:\/\/cfcaracas.org\/sv\/wp-content\/uploads\/WEB_Fotos-Noticias-1.jpg","contentUrl":"https:\/\/cfcaracas.org\/sv\/wp-content\/uploads\/WEB_Fotos-Noticias-1.jpg","width":1668,"height":1251},{"@type":"BreadcrumbList","@id":"https:\/\/cfcaracas.org\/sv\/taller-de-autoestima\/#breadcrumb","itemListElement":[{"@type":"ListItem","position":1,"name":"Home","item":"https:\/\/cfcaracas.org\/sv\/"},{"@type":"ListItem","position":2,"name":"Taller de autoestima"}]},{"@type":"WebSite","@id":"https:\/\/cfcaracas.org\/sv\/#website","url":"https:\/\/cfcaracas.org\/sv\/","name":"COLEGIO FRANCIA","description":"Colegio Francia, algo m\u00e1s que un colegio","publisher":{"@id":"https:\/\/cfcaracas.org\/sv\/#organization"},"potentialAction":[{"@type":"SearchAction","target":{"@type":"EntryPoint","urlTemplate":"https:\/\/cfcaracas.org\/sv\/?s={search_term_string}"},"query-input":{"@type":"PropertyValueSpecification","valueRequired":true,"valueName":"search_term_string"}}],"inLanguage":"en-US"},{"@type":"Organization","@id":"https:\/\/cfcaracas.org\/sv\/#organization","name":"U.E. Colegio Francia de Caracas","url":"https:\/\/cfcaracas.org\/sv\/","logo":{"@type":"ImageObject","inLanguage":"en-US","@id":"https:\/\/cfcaracas.org\/sv\/#\/schema\/logo\/image\/","url":"https:\/\/cfcaracas.org\/sv\/wp-content\/uploads\/LOGO-COLEGIO-FRANCIA-01.png","contentUrl":"https:\/\/cfcaracas.org\/sv\/wp-content\/uploads\/LOGO-COLEGIO-FRANCIA-01.png","width":851,"height":1135,"caption":"U.E. Colegio Francia de Caracas"},"image":{"@id":"https:\/\/cfcaracas.org\/sv\/#\/schema\/logo\/image\/"}},{"@type":"Person","@id":"https:\/\/cfcaracas.org\/sv\/#\/schema\/person\/6e837809a0bdd906426fdb9d105ebc6a","name":"Veronica Sierra","image":{"@type":"ImageObject","inLanguage":"en-US","@id":"https:\/\/secure.gravatar.com\/avatar\/6c929a99c0a2a25da0ade571f47362ba2525b1e77059ff6eac007c3826d216e4?s=96&d=mm&r=g","url":"https:\/\/secure.gravatar.com\/avatar\/6c929a99c0a2a25da0ade571f47362ba2525b1e77059ff6eac007c3826d216e4?s=96&d=mm&r=g","contentUrl":"https:\/\/secure.gravatar.com\/avatar\/6c929a99c0a2a25da0ade571f47362ba2525b1e77059ff6eac007c3826d216e4?s=96&d=mm&r=g","caption":"Veronica Sierra"},"sameAs":["https:\/\/x.com\/adminrvt"],"url":"https:\/\/cfcaracas.org\/sv\/author\/vsierra\/"}]}},"_links":{"self":[{"href":"https:\/\/cfcaracas.org\/sv\/wp-json\/wp\/v2\/posts\/234982","targetHints":{"allow":["GET"]}}],"collection":[{"href":"https:\/\/cfcaracas.org\/sv\/wp-json\/wp\/v2\/posts"}],"about":[{"href":"https:\/\/cfcaracas.org\/sv\/wp-json\/wp\/v2\/types\/post"}],"author":[{"embeddable":true,"href":"https:\/\/cfcaracas.org\/sv\/wp-json\/wp\/v2\/users\/5"}],"replies":[{"embeddable":true,"href":"https:\/\/cfcaracas.org\/sv\/wp-json\/wp\/v2\/comments?post=234982"}],"version-history":[{"count":0,"href":"https:\/\/cfcaracas.org\/sv\/wp-json\/wp\/v2\/posts\/234982\/revisions"}],"wp:featuredmedia":[{"embeddable":true,"href":"https:\/\/cfcaracas.org\/sv\/wp-json\/wp\/v2\/media\/234984"}],"wp:attachment":[{"href":"https:\/\/cfcaracas.org\/sv\/wp-json\/wp\/v2\/media?parent=234982"}],"wp:term":[{"taxonomy":"category","embeddable":true,"href":"https:\/\/cfcaracas.org\/sv\/wp-json\/wp\/v2\/categories?post=234982"},{"taxonomy":"post_tag","embeddable":true,"href":"https:\/\/cfcaracas.org\/sv\/wp-json\/wp\/v2\/tags?post=234982"}],"curies":[{"name":"wp","href":"https:\/\/api.w.org\/{rel}","templated":true}]}}