{"id":235845,"date":"2023-07-17T11:02:00","date_gmt":"2023-07-17T15:02:00","guid":{"rendered":"https:\/\/cfcaracas.org\/sv\/?p=235845"},"modified":"2023-07-17T11:02:00","modified_gmt":"2023-07-17T15:02:00","slug":"feria-turistica-un-rincon-venezolano","status":"publish","type":"post","link":"https:\/\/cfcaracas.org\/sv\/feria-turistica-un-rincon-venezolano\/","title":{"rendered":"Feria tur\u00edstica &#8220;Un rinc\u00f3n venezolano&#8221;"},"content":{"rendered":"<p>[et_pb_section fb_built=&#8221;1&#8243; _builder_version=&#8221;4.16&#8243; background_color=&#8221;#e9eff3&#8243; background_image=&#8221;https:\/\/cfcaracas.org\/sv\/wp-content\/uploads\/shapes-bg-color.png&#8221; parallax=&#8221;on&#8221; custom_padding=&#8221;27px||0px|||&#8221; bottom_divider_color=&#8221;#065b99&#8243; global_colors_info=&#8221;{}&#8221;][et_pb_row _builder_version=&#8221;4.16&#8243; custom_padding=&#8221;0px||0px|||&#8221; global_colors_info=&#8221;{}&#8221;][et_pb_column type=&#8221;4_4&#8243; _builder_version=&#8221;4.16&#8243; global_colors_info=&#8221;{}&#8221;][et_pb_dmb_breadcrumbs font_icon=&#8221;%%194%%&#8221; home_icon=&#8221;%%236%%&#8221; use_home_text=&#8221;on&#8221; home_text=&#8221;Inicio&#8221; _builder_version=&#8221;4.16&#8243; body_font=&#8221;|600|||||||&#8221; separator_text_color=&#8221;#0c71c3&#8243; global_colors_info=&#8221;{}&#8221;][\/et_pb_dmb_breadcrumbs][\/et_pb_column][\/et_pb_row][et_pb_row column_structure=&#8221;2_3,1_3&#8243; make_equal=&#8221;off&#8221; _builder_version=&#8221;4.16&#8243; custom_padding=&#8221;||0px||false|false&#8221; global_colors_info=&#8221;{}&#8221;][et_pb_column type=&#8221;2_3&#8243; _builder_version=&#8221;4.16&#8243; background_color=&#8221;#ffffff&#8221; custom_padding=&#8221;25px|25px|25px|25px|true|true&#8221; border_radii=&#8221;on|16px|16px|16px|16px&#8221; box_shadow_style=&#8221;preset2&#8243; global_colors_info=&#8221;{}&#8221; custom_padding__hover=&#8221;|||&#8221;][et_pb_image src=&#8221;@ET-DC@eyJkeW5hbWljIjp0cnVlLCJjb250ZW50IjoicG9zdF9mZWF0dXJlZF9pbWFnZSIsInNldHRpbmdzIjp7fX0=@&#8221; _builder_version=&#8221;4.16&#8243; _dynamic_attributes=&#8221;src&#8221; locked=&#8221;on&#8221; global_colors_info=&#8221;{}&#8221;][\/et_pb_image][et_pb_text _builder_version=&#8221;4.16&#8243; _dynamic_attributes=&#8221;content&#8221; locked=&#8221;on&#8221; global_colors_info=&#8221;{}&#8221;]@ET-DC@eyJkeW5hbWljIjp0cnVlLCJjb250ZW50IjoicG9zdF90aXRsZSIsInNldHRpbmdzIjp7ImJlZm9yZSI6IjxoMT4iLCJhZnRlciI6IjwvaDE+In19@[\/et_pb_text][et_pb_text _builder_version=&#8221;4.21.0&#8243; global_colors_info=&#8221;{}&#8221;]<\/p>\n<p><span>Los estudiantes de 3er a\u00f1o de Educaci\u00f3n Media General organizaron una feria tur\u00edstica venezolana que lleva por nombre &#8220;Un Rinc\u00f3n Venezolano&#8221; como actividad de cierre en la materia de Geograf\u00eda, Historia y Ciudadan\u00eda (GHC), acompa\u00f1ados de la prof. Darilys Centeno.<\/span><\/p>\n<p>Esta hermosa feria permiti\u00f3 dar a conocer la riqueza tur\u00edstica y cultural de Venezuela, promover el turismo interno y generar conciencia sobre la importancia de preservar y valorar nuestro patrimonio natural y cultural.<\/p>\n<p>La feria cont\u00f3 con diferentes stands tem\u00e1ticos que representaban cada una de los estados del pa\u00eds, donde se exhibieron productos t\u00edpicos, artesan\u00edas, gastronom\u00eda y maquetas. As\u00ed como tambi\u00e9n, nos encontramos con cacao y chocolate de Sucre, arena de las Dependencias Federales y un lindo pececito que nos visit\u00f3 desde Nueva Esparta.<\/p>\n<p>Felicitamos a todos los estudiantes por el excelente trabajo en la actividad, demostrando una vez m\u00e1s, su compromiso e inter\u00e9s por conocer y valorar la diversidad cultural y geogr\u00e1fica de nuestro pa\u00eds. \ud83d\udc9b\ud83d\udc99\u2764\ufe0f<\/p>\n<p>[\/et_pb_text][et_pb_gallery gallery_ids=&#8221;235848,235849,235850,235851,235852,235853,235854,235855,235856,235857,235858,235859,235860,235861,235862,235863,235864,235865,235866,235867,235868,235869,235870,235871,235872,235873,235874&#8243; _builder_version=&#8221;4.21.0&#8243; _module_preset=&#8221;default&#8221; global_colors_info=&#8221;{}&#8221;][\/et_pb_gallery][\/et_pb_column][et_pb_column type=&#8221;1_3&#8243; _builder_version=&#8221;4.16&#8243; z_index=&#8221;10&#8243; custom_padding=&#8221;|||&#8221; global_colors_info=&#8221;{}&#8221; custom_padding__hover=&#8221;|||&#8221;][et_pb_blog fullwidth=&#8221;off&#8221; posts_number=&#8221;2&#8243; include_categories=&#8221;19,5&#8243; show_more=&#8221;on&#8221; show_author=&#8221;off&#8221; _builder_version=&#8221;4.16&#8243; pagination_font=&#8221;||||||||&#8221; border_radii=&#8221;on|15px|15px|15px|15px&#8221; border_radii_image=&#8221;||||&#8221; box_shadow_style=&#8221;preset1&#8243; global_colors_info=&#8221;{}&#8221;][\/et_pb_blog][\/et_pb_column][\/et_pb_row][\/et_pb_section]<\/p>\n","protected":false},"excerpt":{"rendered":"<p>Los estudiantes de 3er a\u00f1o de Educaci\u00f3n Media General organizaron una feria tur\u00edstica venezolana que lleva por nombre &#8220;Un Rinc\u00f3n Venezolano&#8221; como actividad de cierre en la materia de Geograf\u00eda, Historia y Ciudadan\u00eda (GHC), acompa\u00f1ados de la prof. Darilys Centeno. Esta hermosa feria permiti\u00f3 dar a conocer la riqueza tur\u00edstica y cultural de Venezuela, promover [&hellip;]<\/p>\n","protected":false},"author":5,"featured_media":235846,"comment_status":"closed","ping_status":"closed","sticky":false,"template":"","format":"standard","meta":{"_et_pb_use_builder":"on","_et_pb_old_content":"","_et_gb_content_width":"","_monsterinsights_skip_tracking":false,"_monsterinsights_sitenote_active":false,"_monsterinsights_sitenote_note":"","_monsterinsights_sitenote_category":0,"footnotes":""},"categories":[7],"tags":[],"class_list":["post-235845","post","type-post","status-publish","format-standard","has-post-thumbnail","hentry","category-culturales"],"yoast_head":"<!-- This site is optimized with the Yoast SEO plugin v27.4 - https:\/\/yoast.com\/product\/yoast-seo-wordpress\/ -->\n<title>Feria tur\u00edstica &quot;Un rinc\u00f3n venezolano&quot; - COLEGIO FRANCIA<\/title>\n<meta name=\"robots\" content=\"index, follow, max-snippet:-1, max-image-preview:large, max-video-preview:-1\" \/>\n<link rel=\"canonical\" href=\"https:\/\/cfcaracas.org\/sv\/feria-turistica-un-rincon-venezolano\/\" \/>\n<meta property=\"og:locale\" content=\"en_US\" \/>\n<meta property=\"og:type\" content=\"article\" \/>\n<meta property=\"og:title\" content=\"Feria tur\u00edstica &quot;Un rinc\u00f3n venezolano&quot; - COLEGIO FRANCIA\" \/>\n<meta property=\"og:description\" content=\"Los estudiantes de 3er a\u00f1o de Educaci\u00f3n Media General organizaron una feria tur\u00edstica venezolana que lleva por nombre &quot;Un Rinc\u00f3n Venezolano&quot; como actividad de cierre en la materia de Geograf\u00eda, Historia y Ciudadan\u00eda (GHC), acompa\u00f1ados de la prof. Darilys Centeno. Esta hermosa feria permiti\u00f3 dar a conocer la riqueza tur\u00edstica y cultural de Venezuela, promover [&hellip;]\" \/>\n<meta property=\"og:url\" content=\"https:\/\/cfcaracas.org\/sv\/feria-turistica-un-rincon-venezolano\/\" \/>\n<meta property=\"og:site_name\" content=\"COLEGIO FRANCIA\" \/>\n<meta property=\"article:published_time\" content=\"2023-07-17T15:02:00+00:00\" \/>\n<meta property=\"og:image\" content=\"https:\/\/cfcaracas.org\/sv\/wp-content\/uploads\/FotoNot_RinconVzlano-1024x768.png\" \/>\n\t<meta property=\"og:image:width\" content=\"1024\" \/>\n\t<meta property=\"og:image:height\" content=\"768\" \/>\n\t<meta property=\"og:image:type\" content=\"image\/png\" \/>\n<meta name=\"author\" content=\"Veronica Sierra\" \/>\n<meta name=\"twitter:card\" content=\"summary_large_image\" \/>\n<meta name=\"twitter:creator\" content=\"@adminrvt\" \/>\n<meta name=\"twitter:label1\" content=\"Written by\" \/>\n\t<meta name=\"twitter:data1\" content=\"Veronica Sierra\" \/>\n\t<meta name=\"twitter:label2\" content=\"Est. reading time\" \/>\n\t<meta name=\"twitter:data2\" content=\"1 minute\" \/>\n<script type=\"application\/ld+json\" class=\"yoast-schema-graph\">{\"@context\":\"https:\\\/\\\/schema.org\",\"@graph\":[{\"@type\":\"Article\",\"@id\":\"https:\\\/\\\/cfcaracas.org\\\/sv\\\/feria-turistica-un-rincon-venezolano\\\/#article\",\"isPartOf\":{\"@id\":\"https:\\\/\\\/cfcaracas.org\\\/sv\\\/feria-turistica-un-rincon-venezolano\\\/\"},\"author\":{\"name\":\"Veronica Sierra\",\"@id\":\"https:\\\/\\\/cfcaracas.org\\\/sv\\\/#\\\/schema\\\/person\\\/6e837809a0bdd906426fdb9d105ebc6a\"},\"headline\":\"Feria tur\u00edstica &#8220;Un rinc\u00f3n venezolano&#8221;\",\"datePublished\":\"2023-07-17T15:02:00+00:00\",\"mainEntityOfPage\":{\"@id\":\"https:\\\/\\\/cfcaracas.org\\\/sv\\\/feria-turistica-un-rincon-venezolano\\\/\"},\"wordCount\":477,\"publisher\":{\"@id\":\"https:\\\/\\\/cfcaracas.org\\\/sv\\\/#organization\"},\"image\":{\"@id\":\"https:\\\/\\\/cfcaracas.org\\\/sv\\\/feria-turistica-un-rincon-venezolano\\\/#primaryimage\"},\"thumbnailUrl\":\"https:\\\/\\\/cfcaracas.org\\\/sv\\\/wp-content\\\/uploads\\\/FotoNot_RinconVzlano.png\",\"articleSection\":[\"Culturales\"],\"inLanguage\":\"en-US\"},{\"@type\":\"WebPage\",\"@id\":\"https:\\\/\\\/cfcaracas.org\\\/sv\\\/feria-turistica-un-rincon-venezolano\\\/\",\"url\":\"https:\\\/\\\/cfcaracas.org\\\/sv\\\/feria-turistica-un-rincon-venezolano\\\/\",\"name\":\"Feria tur\u00edstica \\\"Un rinc\u00f3n venezolano\\\" - COLEGIO FRANCIA\",\"isPartOf\":{\"@id\":\"https:\\\/\\\/cfcaracas.org\\\/sv\\\/#website\"},\"primaryImageOfPage\":{\"@id\":\"https:\\\/\\\/cfcaracas.org\\\/sv\\\/feria-turistica-un-rincon-venezolano\\\/#primaryimage\"},\"image\":{\"@id\":\"https:\\\/\\\/cfcaracas.org\\\/sv\\\/feria-turistica-un-rincon-venezolano\\\/#primaryimage\"},\"thumbnailUrl\":\"https:\\\/\\\/cfcaracas.org\\\/sv\\\/wp-content\\\/uploads\\\/FotoNot_RinconVzlano.png\",\"datePublished\":\"2023-07-17T15:02:00+00:00\",\"breadcrumb\":{\"@id\":\"https:\\\/\\\/cfcaracas.org\\\/sv\\\/feria-turistica-un-rincon-venezolano\\\/#breadcrumb\"},\"inLanguage\":\"en-US\",\"potentialAction\":[{\"@type\":\"ReadAction\",\"target\":[\"https:\\\/\\\/cfcaracas.org\\\/sv\\\/feria-turistica-un-rincon-venezolano\\\/\"]}]},{\"@type\":\"ImageObject\",\"inLanguage\":\"en-US\",\"@id\":\"https:\\\/\\\/cfcaracas.org\\\/sv\\\/feria-turistica-un-rincon-venezolano\\\/#primaryimage\",\"url\":\"https:\\\/\\\/cfcaracas.org\\\/sv\\\/wp-content\\\/uploads\\\/FotoNot_RinconVzlano.png\",\"contentUrl\":\"https:\\\/\\\/cfcaracas.org\\\/sv\\\/wp-content\\\/uploads\\\/FotoNot_RinconVzlano.png\",\"width\":1668,\"height\":1251},{\"@type\":\"BreadcrumbList\",\"@id\":\"https:\\\/\\\/cfcaracas.org\\\/sv\\\/feria-turistica-un-rincon-venezolano\\\/#breadcrumb\",\"itemListElement\":[{\"@type\":\"ListItem\",\"position\":1,\"name\":\"Home\",\"item\":\"https:\\\/\\\/cfcaracas.org\\\/sv\\\/\"},{\"@type\":\"ListItem\",\"position\":2,\"name\":\"Feria tur\u00edstica &#8220;Un rinc\u00f3n venezolano&#8221;\"}]},{\"@type\":\"WebSite\",\"@id\":\"https:\\\/\\\/cfcaracas.org\\\/sv\\\/#website\",\"url\":\"https:\\\/\\\/cfcaracas.org\\\/sv\\\/\",\"name\":\"COLEGIO FRANCIA\",\"description\":\"Colegio Francia, algo m\u00e1s que un colegio\",\"publisher\":{\"@id\":\"https:\\\/\\\/cfcaracas.org\\\/sv\\\/#organization\"},\"potentialAction\":[{\"@type\":\"SearchAction\",\"target\":{\"@type\":\"EntryPoint\",\"urlTemplate\":\"https:\\\/\\\/cfcaracas.org\\\/sv\\\/?s={search_term_string}\"},\"query-input\":{\"@type\":\"PropertyValueSpecification\",\"valueRequired\":true,\"valueName\":\"search_term_string\"}}],\"inLanguage\":\"en-US\"},{\"@type\":\"Organization\",\"@id\":\"https:\\\/\\\/cfcaracas.org\\\/sv\\\/#organization\",\"name\":\"U.E. Colegio Francia de Caracas\",\"url\":\"https:\\\/\\\/cfcaracas.org\\\/sv\\\/\",\"logo\":{\"@type\":\"ImageObject\",\"inLanguage\":\"en-US\",\"@id\":\"https:\\\/\\\/cfcaracas.org\\\/sv\\\/#\\\/schema\\\/logo\\\/image\\\/\",\"url\":\"https:\\\/\\\/cfcaracas.org\\\/sv\\\/wp-content\\\/uploads\\\/LOGO-COLEGIO-FRANCIA-01.png\",\"contentUrl\":\"https:\\\/\\\/cfcaracas.org\\\/sv\\\/wp-content\\\/uploads\\\/LOGO-COLEGIO-FRANCIA-01.png\",\"width\":851,\"height\":1135,\"caption\":\"U.E. Colegio Francia de Caracas\"},\"image\":{\"@id\":\"https:\\\/\\\/cfcaracas.org\\\/sv\\\/#\\\/schema\\\/logo\\\/image\\\/\"}},{\"@type\":\"Person\",\"@id\":\"https:\\\/\\\/cfcaracas.org\\\/sv\\\/#\\\/schema\\\/person\\\/6e837809a0bdd906426fdb9d105ebc6a\",\"name\":\"Veronica Sierra\",\"image\":{\"@type\":\"ImageObject\",\"inLanguage\":\"en-US\",\"@id\":\"https:\\\/\\\/secure.gravatar.com\\\/avatar\\\/6c929a99c0a2a25da0ade571f47362ba2525b1e77059ff6eac007c3826d216e4?s=96&d=mm&r=g\",\"url\":\"https:\\\/\\\/secure.gravatar.com\\\/avatar\\\/6c929a99c0a2a25da0ade571f47362ba2525b1e77059ff6eac007c3826d216e4?s=96&d=mm&r=g\",\"contentUrl\":\"https:\\\/\\\/secure.gravatar.com\\\/avatar\\\/6c929a99c0a2a25da0ade571f47362ba2525b1e77059ff6eac007c3826d216e4?s=96&d=mm&r=g\",\"caption\":\"Veronica Sierra\"},\"sameAs\":[\"https:\\\/\\\/x.com\\\/adminrvt\"],\"url\":\"https:\\\/\\\/cfcaracas.org\\\/sv\\\/author\\\/vsierra\\\/\"}]}<\/script>\n<!-- \/ Yoast SEO plugin. -->","yoast_head_json":{"title":"Feria tur\u00edstica \"Un rinc\u00f3n venezolano\" - COLEGIO FRANCIA","robots":{"index":"index","follow":"follow","max-snippet":"max-snippet:-1","max-image-preview":"max-image-preview:large","max-video-preview":"max-video-preview:-1"},"canonical":"https:\/\/cfcaracas.org\/sv\/feria-turistica-un-rincon-venezolano\/","og_locale":"en_US","og_type":"article","og_title":"Feria tur\u00edstica \"Un rinc\u00f3n venezolano\" - COLEGIO FRANCIA","og_description":"Los estudiantes de 3er a\u00f1o de Educaci\u00f3n Media General organizaron una feria tur\u00edstica venezolana que lleva por nombre \"Un Rinc\u00f3n Venezolano\" como actividad de cierre en la materia de Geograf\u00eda, Historia y Ciudadan\u00eda (GHC), acompa\u00f1ados de la prof. Darilys Centeno. Esta hermosa feria permiti\u00f3 dar a conocer la riqueza tur\u00edstica y cultural de Venezuela, promover [&hellip;]","og_url":"https:\/\/cfcaracas.org\/sv\/feria-turistica-un-rincon-venezolano\/","og_site_name":"COLEGIO FRANCIA","article_published_time":"2023-07-17T15:02:00+00:00","og_image":[{"width":1024,"height":768,"url":"https:\/\/cfcaracas.org\/sv\/wp-content\/uploads\/FotoNot_RinconVzlano-1024x768.png","type":"image\/png"}],"author":"Veronica Sierra","twitter_card":"summary_large_image","twitter_creator":"@adminrvt","twitter_misc":{"Written by":"Veronica Sierra","Est. reading time":"1 minute"},"schema":{"@context":"https:\/\/schema.org","@graph":[{"@type":"Article","@id":"https:\/\/cfcaracas.org\/sv\/feria-turistica-un-rincon-venezolano\/#article","isPartOf":{"@id":"https:\/\/cfcaracas.org\/sv\/feria-turistica-un-rincon-venezolano\/"},"author":{"name":"Veronica Sierra","@id":"https:\/\/cfcaracas.org\/sv\/#\/schema\/person\/6e837809a0bdd906426fdb9d105ebc6a"},"headline":"Feria tur\u00edstica &#8220;Un rinc\u00f3n venezolano&#8221;","datePublished":"2023-07-17T15:02:00+00:00","mainEntityOfPage":{"@id":"https:\/\/cfcaracas.org\/sv\/feria-turistica-un-rincon-venezolano\/"},"wordCount":477,"publisher":{"@id":"https:\/\/cfcaracas.org\/sv\/#organization"},"image":{"@id":"https:\/\/cfcaracas.org\/sv\/feria-turistica-un-rincon-venezolano\/#primaryimage"},"thumbnailUrl":"https:\/\/cfcaracas.org\/sv\/wp-content\/uploads\/FotoNot_RinconVzlano.png","articleSection":["Culturales"],"inLanguage":"en-US"},{"@type":"WebPage","@id":"https:\/\/cfcaracas.org\/sv\/feria-turistica-un-rincon-venezolano\/","url":"https:\/\/cfcaracas.org\/sv\/feria-turistica-un-rincon-venezolano\/","name":"Feria tur\u00edstica \"Un rinc\u00f3n venezolano\" - COLEGIO FRANCIA","isPartOf":{"@id":"https:\/\/cfcaracas.org\/sv\/#website"},"primaryImageOfPage":{"@id":"https:\/\/cfcaracas.org\/sv\/feria-turistica-un-rincon-venezolano\/#primaryimage"},"image":{"@id":"https:\/\/cfcaracas.org\/sv\/feria-turistica-un-rincon-venezolano\/#primaryimage"},"thumbnailUrl":"https:\/\/cfcaracas.org\/sv\/wp-content\/uploads\/FotoNot_RinconVzlano.png","datePublished":"2023-07-17T15:02:00+00:00","breadcrumb":{"@id":"https:\/\/cfcaracas.org\/sv\/feria-turistica-un-rincon-venezolano\/#breadcrumb"},"inLanguage":"en-US","potentialAction":[{"@type":"ReadAction","target":["https:\/\/cfcaracas.org\/sv\/feria-turistica-un-rincon-venezolano\/"]}]},{"@type":"ImageObject","inLanguage":"en-US","@id":"https:\/\/cfcaracas.org\/sv\/feria-turistica-un-rincon-venezolano\/#primaryimage","url":"https:\/\/cfcaracas.org\/sv\/wp-content\/uploads\/FotoNot_RinconVzlano.png","contentUrl":"https:\/\/cfcaracas.org\/sv\/wp-content\/uploads\/FotoNot_RinconVzlano.png","width":1668,"height":1251},{"@type":"BreadcrumbList","@id":"https:\/\/cfcaracas.org\/sv\/feria-turistica-un-rincon-venezolano\/#breadcrumb","itemListElement":[{"@type":"ListItem","position":1,"name":"Home","item":"https:\/\/cfcaracas.org\/sv\/"},{"@type":"ListItem","position":2,"name":"Feria tur\u00edstica &#8220;Un rinc\u00f3n venezolano&#8221;"}]},{"@type":"WebSite","@id":"https:\/\/cfcaracas.org\/sv\/#website","url":"https:\/\/cfcaracas.org\/sv\/","name":"COLEGIO FRANCIA","description":"Colegio Francia, algo m\u00e1s que un colegio","publisher":{"@id":"https:\/\/cfcaracas.org\/sv\/#organization"},"potentialAction":[{"@type":"SearchAction","target":{"@type":"EntryPoint","urlTemplate":"https:\/\/cfcaracas.org\/sv\/?s={search_term_string}"},"query-input":{"@type":"PropertyValueSpecification","valueRequired":true,"valueName":"search_term_string"}}],"inLanguage":"en-US"},{"@type":"Organization","@id":"https:\/\/cfcaracas.org\/sv\/#organization","name":"U.E. Colegio Francia de Caracas","url":"https:\/\/cfcaracas.org\/sv\/","logo":{"@type":"ImageObject","inLanguage":"en-US","@id":"https:\/\/cfcaracas.org\/sv\/#\/schema\/logo\/image\/","url":"https:\/\/cfcaracas.org\/sv\/wp-content\/uploads\/LOGO-COLEGIO-FRANCIA-01.png","contentUrl":"https:\/\/cfcaracas.org\/sv\/wp-content\/uploads\/LOGO-COLEGIO-FRANCIA-01.png","width":851,"height":1135,"caption":"U.E. Colegio Francia de Caracas"},"image":{"@id":"https:\/\/cfcaracas.org\/sv\/#\/schema\/logo\/image\/"}},{"@type":"Person","@id":"https:\/\/cfcaracas.org\/sv\/#\/schema\/person\/6e837809a0bdd906426fdb9d105ebc6a","name":"Veronica Sierra","image":{"@type":"ImageObject","inLanguage":"en-US","@id":"https:\/\/secure.gravatar.com\/avatar\/6c929a99c0a2a25da0ade571f47362ba2525b1e77059ff6eac007c3826d216e4?s=96&d=mm&r=g","url":"https:\/\/secure.gravatar.com\/avatar\/6c929a99c0a2a25da0ade571f47362ba2525b1e77059ff6eac007c3826d216e4?s=96&d=mm&r=g","contentUrl":"https:\/\/secure.gravatar.com\/avatar\/6c929a99c0a2a25da0ade571f47362ba2525b1e77059ff6eac007c3826d216e4?s=96&d=mm&r=g","caption":"Veronica Sierra"},"sameAs":["https:\/\/x.com\/adminrvt"],"url":"https:\/\/cfcaracas.org\/sv\/author\/vsierra\/"}]}},"_links":{"self":[{"href":"https:\/\/cfcaracas.org\/sv\/wp-json\/wp\/v2\/posts\/235845","targetHints":{"allow":["GET"]}}],"collection":[{"href":"https:\/\/cfcaracas.org\/sv\/wp-json\/wp\/v2\/posts"}],"about":[{"href":"https:\/\/cfcaracas.org\/sv\/wp-json\/wp\/v2\/types\/post"}],"author":[{"embeddable":true,"href":"https:\/\/cfcaracas.org\/sv\/wp-json\/wp\/v2\/users\/5"}],"replies":[{"embeddable":true,"href":"https:\/\/cfcaracas.org\/sv\/wp-json\/wp\/v2\/comments?post=235845"}],"version-history":[{"count":0,"href":"https:\/\/cfcaracas.org\/sv\/wp-json\/wp\/v2\/posts\/235845\/revisions"}],"wp:featuredmedia":[{"embeddable":true,"href":"https:\/\/cfcaracas.org\/sv\/wp-json\/wp\/v2\/media\/235846"}],"wp:attachment":[{"href":"https:\/\/cfcaracas.org\/sv\/wp-json\/wp\/v2\/media?parent=235845"}],"wp:term":[{"taxonomy":"category","embeddable":true,"href":"https:\/\/cfcaracas.org\/sv\/wp-json\/wp\/v2\/categories?post=235845"},{"taxonomy":"post_tag","embeddable":true,"href":"https:\/\/cfcaracas.org\/sv\/wp-json\/wp\/v2\/tags?post=235845"}],"curies":[{"name":"wp","href":"https:\/\/api.w.org\/{rel}","templated":true}]}}