{"id":238843,"date":"2025-02-04T10:02:17","date_gmt":"2025-02-04T14:02:17","guid":{"rendered":"https:\/\/cfcaracas.org\/sv\/?p=238843"},"modified":"2025-02-11T15:05:18","modified_gmt":"2025-02-11T19:05:18","slug":"una-dulce-tradicion-en-el-colegio-francia","status":"publish","type":"post","link":"https:\/\/cfcaracas.org\/sv\/una-dulce-tradicion-en-el-colegio-francia\/","title":{"rendered":"\u200bUna dulce tradici\u00f3n"},"content":{"rendered":"<p>[et_pb_section fb_built=&#8221;1&#8243; _builder_version=&#8221;4.16&#8243; background_color=&#8221;#e9eff3&#8243; background_image=&#8221;https:\/\/cfcaracas.org\/sv\/wp-content\/uploads\/shapes-bg-color.png&#8221; parallax=&#8221;on&#8221; custom_padding=&#8221;27px||0px|||&#8221; bottom_divider_color=&#8221;#065b99&#8243; global_colors_info=&#8221;{}&#8221;][et_pb_row _builder_version=&#8221;4.16&#8243; custom_padding=&#8221;0px||0px|||&#8221; global_colors_info=&#8221;{}&#8221;][et_pb_column type=&#8221;4_4&#8243; _builder_version=&#8221;4.16&#8243; global_colors_info=&#8221;{}&#8221;][et_pb_dmb_breadcrumbs font_icon=&#8221;%%194%%&#8221; home_icon=&#8221;%%236%%&#8221; use_home_text=&#8221;on&#8221; home_text=&#8221;Inicio&#8221; _builder_version=&#8221;4.16&#8243; body_font=&#8221;|600|||||||&#8221; separator_text_color=&#8221;#0c71c3&#8243; global_colors_info=&#8221;{}&#8221;][\/et_pb_dmb_breadcrumbs][\/et_pb_column][\/et_pb_row][et_pb_row column_structure=&#8221;2_3,1_3&#8243; _builder_version=&#8221;4.16&#8243; global_colors_info=&#8221;{}&#8221;][et_pb_column type=&#8221;2_3&#8243; _builder_version=&#8221;4.16&#8243; background_color=&#8221;#ffffff&#8221; custom_padding=&#8221;25px|25px|25px|25px|true|true&#8221; border_radii=&#8221;on|16px|16px|16px|16px&#8221; box_shadow_style=&#8221;preset2&#8243; global_colors_info=&#8221;{}&#8221; custom_padding__hover=&#8221;|||&#8221;][et_pb_image src=&#8221;@ET-DC@eyJkeW5hbWljIjp0cnVlLCJjb250ZW50IjoicG9zdF9mZWF0dXJlZF9pbWFnZSIsInNldHRpbmdzIjp7fX0=@&#8221; _builder_version=&#8221;4.16&#8243; _dynamic_attributes=&#8221;src&#8221; locked=&#8221;on&#8221; global_colors_info=&#8221;{}&#8221;][\/et_pb_image][et_pb_text _builder_version=&#8221;4.16&#8243; _dynamic_attributes=&#8221;content&#8221; locked=&#8221;on&#8221; global_colors_info=&#8221;{}&#8221;]@ET-DC@eyJkeW5hbWljIjp0cnVlLCJjb250ZW50IjoicG9zdF90aXRsZSIsInNldHRpbmdzIjp7ImJlZm9yZSI6IjxoMT4iLCJhZnRlciI6IjwvaDE+In19@[\/et_pb_text][et_pb_text _builder_version=&#8221;4.27.4&#8243; _module_preset=&#8221;default&#8221; hover_enabled=&#8221;0&#8243; global_colors_info=&#8221;{}&#8221; sticky_enabled=&#8221;0&#8243;]<\/p>\n<p><span>El pasado 2 de febrero, el Colegio Francia celebr\u00f3 con entusiasmo<strong> la F\u00eate de la Chandeleur o D\u00eda de la Candelaria<\/strong>, una festividad de gran significado tanto en Francia como en Venezuela. En nuestro colegio, promovemos la riqueza cultural de ambas naciones, y qu\u00e9 mejor manera de hacerlo que a trav\u00e9s de las tradiciones que nos unen.<\/span><\/p>\n<p><span>En Francia, el D\u00eda de la Candelaria es una fecha especial que marca el final del periodo navide\u00f1o y simboliza la luz, la prosperidad y la renovaci\u00f3n. Se dice que, en tiempos antiguos, las familias preparaban cr\u00eapes como un s\u00edmbolo de buena suerte y abundancia para el a\u00f1o venidero. Su forma redonda y dorada representa el sol y la llegada de d\u00edas m\u00e1s largos con la primavera.<\/span><\/p>\n<p><span>En el Colegio Francia, nuestra comunidad educativa vivi\u00f3 esta tradici\u00f3n de una manera muy especial: <strong>\u00a1con una deliciosa jornada de cr\u00eapes!<\/strong> Tanto los estudiantes como el personal docente y administrativo participaron activamente en esta actividad, disfrutando de cr\u00eapes rellenos de chocolate y arequipe, cortes\u00eda de nuestros amigos de &#8220;Un, Dos, Cr\u00eapes&#8221;, quienes se encargaron de deleitarnos con su sabor y calidad.<\/span><\/p>\n<p><span>Queremos expresar nuestro m\u00e1s sincero agradecimiento a las voceras de cada grado y secci\u00f3n, quienes fueron fundamentales en la organizaci\u00f3n de esta actividad, asegurando que todo saliera a la perfecci\u00f3n. Su dedicaci\u00f3n y apoyo hicieron posible que nuestros estudiantes vivieran esta hermosa tradici\u00f3n francesa de manera aut\u00e9ntica y memorable.<\/span><\/p>\n<p><span>Desde el Colegio Francia, reafirmamos nuestro compromiso de seguir promoviendo actividades culturales que enriquezcan la formaci\u00f3n de nuestros alumnos, fortaleciendo los lazos entre Francia y Venezuela a trav\u00e9s de experiencias significativas.<\/span><\/p>\n<p><em><span style=\"color: #800080;\"><strong>\u00a1Deux cultures, une seule famille!<\/strong><\/span><\/em><\/p>\n<p>[\/et_pb_text][et_pb_image src=&#8221;https:\/\/cfcaracas.org\/sv\/wp-content\/uploads\/Web_NoticiaCrepes-2.png&#8221; title_text=&#8221;Web_NoticiaCrepes (2)&#8221; _builder_version=&#8221;4.27.4&#8243; _module_preset=&#8221;default&#8221; hover_enabled=&#8221;0&#8243; global_colors_info=&#8221;{}&#8221; sticky_enabled=&#8221;0&#8243;][\/et_pb_image][et_pb_image src=&#8221;https:\/\/cfcaracas.org\/sv\/wp-content\/uploads\/Web_NoticiaCrepes-3.png&#8221; title_text=&#8221;Web_NoticiaCrepes (3)&#8221; _builder_version=&#8221;4.27.4&#8243; _module_preset=&#8221;default&#8221; hover_enabled=&#8221;0&#8243; global_colors_info=&#8221;{}&#8221; sticky_enabled=&#8221;0&#8243;][\/et_pb_image][et_pb_image src=&#8221;https:\/\/cfcaracas.org\/sv\/wp-content\/uploads\/Web_NoticiaCrepes-4.png&#8221; title_text=&#8221;Web_NoticiaCrepes (4)&#8221; _builder_version=&#8221;4.27.4&#8243; _module_preset=&#8221;default&#8221; hover_enabled=&#8221;0&#8243; global_colors_info=&#8221;{}&#8221; sticky_enabled=&#8221;0&#8243;][\/et_pb_image][et_pb_image src=&#8221;https:\/\/cfcaracas.org\/sv\/wp-content\/uploads\/Web_NoticiaCrepes-5.png&#8221; title_text=&#8221;Web_NoticiaCrepes (5)&#8221; _builder_version=&#8221;4.27.4&#8243; _module_preset=&#8221;default&#8221; hover_enabled=&#8221;0&#8243; global_colors_info=&#8221;{}&#8221; sticky_enabled=&#8221;0&#8243;][\/et_pb_image][\/et_pb_column][et_pb_column type=&#8221;1_3&#8243; _builder_version=&#8221;4.16&#8243; z_index=&#8221;10&#8243; custom_padding=&#8221;|||&#8221; global_colors_info=&#8221;{}&#8221; custom_padding__hover=&#8221;|||&#8221;][et_pb_blog fullwidth=&#8221;off&#8221; posts_number=&#8221;2&#8243; include_categories=&#8221;5&#8243; show_more=&#8221;on&#8221; show_author=&#8221;off&#8221; _builder_version=&#8221;4.16&#8243; pagination_font=&#8221;||||||||&#8221; border_radii=&#8221;on|15px|15px|15px|15px&#8221; border_radii_image=&#8221;||||&#8221; box_shadow_style=&#8221;preset1&#8243; global_colors_info=&#8221;{}&#8221;][\/et_pb_blog][\/et_pb_column][\/et_pb_row][\/et_pb_section]<\/p>\n","protected":false},"excerpt":{"rendered":"<p>El pasado 2 de febrero, el Colegio Francia celebr\u00f3 con entusiasmo la F\u00eate de la Chandeleur o D\u00eda de la Candelaria, una festividad de gran significado tanto en Francia como en Venezuela. En nuestro colegio, promovemos la riqueza cultural de ambas naciones, y qu\u00e9 mejor manera de hacerlo que a trav\u00e9s de las tradiciones que [&hellip;]<\/p>\n","protected":false},"author":5,"featured_media":238845,"comment_status":"closed","ping_status":"closed","sticky":false,"template":"","format":"standard","meta":{"_et_pb_use_builder":"on","_et_pb_old_content":"","_et_gb_content_width":"2880","_monsterinsights_skip_tracking":false,"_monsterinsights_sitenote_active":false,"_monsterinsights_sitenote_note":"","_monsterinsights_sitenote_category":0,"footnotes":""},"categories":[19,5],"tags":[120,117,119,118],"class_list":["post-238843","post","type-post","status-publish","format-standard","has-post-thumbnail","hentry","category-actualidad","category-actualidades","tag-candelaria","tag-crepes","tag-dia-de-la-candelaria","tag-tradicion"],"yoast_head":"<!-- This site is optimized with the Yoast SEO plugin v27.4 - https:\/\/yoast.com\/product\/yoast-seo-wordpress\/ -->\n<title>\u200bUna dulce tradici\u00f3n - COLEGIO FRANCIA<\/title>\n<meta name=\"robots\" content=\"index, follow, max-snippet:-1, max-image-preview:large, max-video-preview:-1\" \/>\n<link rel=\"canonical\" href=\"https:\/\/cfcaracas.org\/sv\/una-dulce-tradicion-en-el-colegio-francia\/\" \/>\n<meta property=\"og:locale\" content=\"en_US\" \/>\n<meta property=\"og:type\" content=\"article\" \/>\n<meta property=\"og:title\" content=\"\u200bUna dulce tradici\u00f3n - COLEGIO FRANCIA\" \/>\n<meta property=\"og:description\" content=\"El pasado 2 de febrero, el Colegio Francia celebr\u00f3 con entusiasmo la F\u00eate de la Chandeleur o D\u00eda de la Candelaria, una festividad de gran significado tanto en Francia como en Venezuela. En nuestro colegio, promovemos la riqueza cultural de ambas naciones, y qu\u00e9 mejor manera de hacerlo que a trav\u00e9s de las tradiciones que [&hellip;]\" \/>\n<meta property=\"og:url\" content=\"https:\/\/cfcaracas.org\/sv\/una-dulce-tradicion-en-el-colegio-francia\/\" \/>\n<meta property=\"og:site_name\" content=\"COLEGIO FRANCIA\" \/>\n<meta property=\"article:published_time\" content=\"2025-02-04T14:02:17+00:00\" \/>\n<meta property=\"article:modified_time\" content=\"2025-02-11T19:05:18+00:00\" \/>\n<meta property=\"og:image\" content=\"https:\/\/cfcaracas.org\/sv\/wp-content\/uploads\/Web_NoticiaCrepes-1-1024x614.png\" \/>\n\t<meta property=\"og:image:width\" content=\"1024\" \/>\n\t<meta property=\"og:image:height\" content=\"614\" \/>\n\t<meta property=\"og:image:type\" content=\"image\/png\" \/>\n<meta name=\"author\" content=\"Veronica Sierra\" \/>\n<meta name=\"twitter:card\" content=\"summary_large_image\" \/>\n<meta name=\"twitter:creator\" content=\"@adminrvt\" \/>\n<meta name=\"twitter:label1\" content=\"Written by\" \/>\n\t<meta name=\"twitter:data1\" content=\"Veronica Sierra\" \/>\n\t<meta name=\"twitter:label2\" content=\"Est. reading time\" \/>\n\t<meta name=\"twitter:data2\" content=\"3 minutes\" \/>\n<script type=\"application\/ld+json\" class=\"yoast-schema-graph\">{\"@context\":\"https:\\\/\\\/schema.org\",\"@graph\":[{\"@type\":\"Article\",\"@id\":\"https:\\\/\\\/cfcaracas.org\\\/sv\\\/una-dulce-tradicion-en-el-colegio-francia\\\/#article\",\"isPartOf\":{\"@id\":\"https:\\\/\\\/cfcaracas.org\\\/sv\\\/una-dulce-tradicion-en-el-colegio-francia\\\/\"},\"author\":{\"name\":\"Veronica Sierra\",\"@id\":\"https:\\\/\\\/cfcaracas.org\\\/sv\\\/#\\\/schema\\\/person\\\/6e837809a0bdd906426fdb9d105ebc6a\"},\"headline\":\"\u200bUna dulce tradici\u00f3n\",\"datePublished\":\"2025-02-04T14:02:17+00:00\",\"dateModified\":\"2025-02-11T19:05:18+00:00\",\"mainEntityOfPage\":{\"@id\":\"https:\\\/\\\/cfcaracas.org\\\/sv\\\/una-dulce-tradicion-en-el-colegio-francia\\\/\"},\"wordCount\":705,\"publisher\":{\"@id\":\"https:\\\/\\\/cfcaracas.org\\\/sv\\\/#organization\"},\"image\":{\"@id\":\"https:\\\/\\\/cfcaracas.org\\\/sv\\\/una-dulce-tradicion-en-el-colegio-francia\\\/#primaryimage\"},\"thumbnailUrl\":\"https:\\\/\\\/cfcaracas.org\\\/sv\\\/wp-content\\\/uploads\\\/Web_NoticiaCrepes-1.png\",\"keywords\":[\"Candelaria\",\"Crepes\",\"D\u00eda de la Candelaria\",\"tradici\u00f3n\"],\"articleSection\":[\"Actualidades\",\"Actualidades\"],\"inLanguage\":\"en-US\"},{\"@type\":\"WebPage\",\"@id\":\"https:\\\/\\\/cfcaracas.org\\\/sv\\\/una-dulce-tradicion-en-el-colegio-francia\\\/\",\"url\":\"https:\\\/\\\/cfcaracas.org\\\/sv\\\/una-dulce-tradicion-en-el-colegio-francia\\\/\",\"name\":\"\u200bUna dulce tradici\u00f3n - COLEGIO FRANCIA\",\"isPartOf\":{\"@id\":\"https:\\\/\\\/cfcaracas.org\\\/sv\\\/#website\"},\"primaryImageOfPage\":{\"@id\":\"https:\\\/\\\/cfcaracas.org\\\/sv\\\/una-dulce-tradicion-en-el-colegio-francia\\\/#primaryimage\"},\"image\":{\"@id\":\"https:\\\/\\\/cfcaracas.org\\\/sv\\\/una-dulce-tradicion-en-el-colegio-francia\\\/#primaryimage\"},\"thumbnailUrl\":\"https:\\\/\\\/cfcaracas.org\\\/sv\\\/wp-content\\\/uploads\\\/Web_NoticiaCrepes-1.png\",\"datePublished\":\"2025-02-04T14:02:17+00:00\",\"dateModified\":\"2025-02-11T19:05:18+00:00\",\"breadcrumb\":{\"@id\":\"https:\\\/\\\/cfcaracas.org\\\/sv\\\/una-dulce-tradicion-en-el-colegio-francia\\\/#breadcrumb\"},\"inLanguage\":\"en-US\",\"potentialAction\":[{\"@type\":\"ReadAction\",\"target\":[\"https:\\\/\\\/cfcaracas.org\\\/sv\\\/una-dulce-tradicion-en-el-colegio-francia\\\/\"]}]},{\"@type\":\"ImageObject\",\"inLanguage\":\"en-US\",\"@id\":\"https:\\\/\\\/cfcaracas.org\\\/sv\\\/una-dulce-tradicion-en-el-colegio-francia\\\/#primaryimage\",\"url\":\"https:\\\/\\\/cfcaracas.org\\\/sv\\\/wp-content\\\/uploads\\\/Web_NoticiaCrepes-1.png\",\"contentUrl\":\"https:\\\/\\\/cfcaracas.org\\\/sv\\\/wp-content\\\/uploads\\\/Web_NoticiaCrepes-1.png\",\"width\":1668,\"height\":1000},{\"@type\":\"BreadcrumbList\",\"@id\":\"https:\\\/\\\/cfcaracas.org\\\/sv\\\/una-dulce-tradicion-en-el-colegio-francia\\\/#breadcrumb\",\"itemListElement\":[{\"@type\":\"ListItem\",\"position\":1,\"name\":\"Home\",\"item\":\"https:\\\/\\\/cfcaracas.org\\\/sv\\\/\"},{\"@type\":\"ListItem\",\"position\":2,\"name\":\"\u200bUna dulce tradici\u00f3n\"}]},{\"@type\":\"WebSite\",\"@id\":\"https:\\\/\\\/cfcaracas.org\\\/sv\\\/#website\",\"url\":\"https:\\\/\\\/cfcaracas.org\\\/sv\\\/\",\"name\":\"COLEGIO FRANCIA\",\"description\":\"Colegio Francia, algo m\u00e1s que un colegio\",\"publisher\":{\"@id\":\"https:\\\/\\\/cfcaracas.org\\\/sv\\\/#organization\"},\"potentialAction\":[{\"@type\":\"SearchAction\",\"target\":{\"@type\":\"EntryPoint\",\"urlTemplate\":\"https:\\\/\\\/cfcaracas.org\\\/sv\\\/?s={search_term_string}\"},\"query-input\":{\"@type\":\"PropertyValueSpecification\",\"valueRequired\":true,\"valueName\":\"search_term_string\"}}],\"inLanguage\":\"en-US\"},{\"@type\":\"Organization\",\"@id\":\"https:\\\/\\\/cfcaracas.org\\\/sv\\\/#organization\",\"name\":\"U.E. Colegio Francia de Caracas\",\"url\":\"https:\\\/\\\/cfcaracas.org\\\/sv\\\/\",\"logo\":{\"@type\":\"ImageObject\",\"inLanguage\":\"en-US\",\"@id\":\"https:\\\/\\\/cfcaracas.org\\\/sv\\\/#\\\/schema\\\/logo\\\/image\\\/\",\"url\":\"https:\\\/\\\/cfcaracas.org\\\/sv\\\/wp-content\\\/uploads\\\/LOGO-COLEGIO-FRANCIA-01.png\",\"contentUrl\":\"https:\\\/\\\/cfcaracas.org\\\/sv\\\/wp-content\\\/uploads\\\/LOGO-COLEGIO-FRANCIA-01.png\",\"width\":851,\"height\":1135,\"caption\":\"U.E. Colegio Francia de Caracas\"},\"image\":{\"@id\":\"https:\\\/\\\/cfcaracas.org\\\/sv\\\/#\\\/schema\\\/logo\\\/image\\\/\"}},{\"@type\":\"Person\",\"@id\":\"https:\\\/\\\/cfcaracas.org\\\/sv\\\/#\\\/schema\\\/person\\\/6e837809a0bdd906426fdb9d105ebc6a\",\"name\":\"Veronica Sierra\",\"image\":{\"@type\":\"ImageObject\",\"inLanguage\":\"en-US\",\"@id\":\"https:\\\/\\\/secure.gravatar.com\\\/avatar\\\/6c929a99c0a2a25da0ade571f47362ba2525b1e77059ff6eac007c3826d216e4?s=96&d=mm&r=g\",\"url\":\"https:\\\/\\\/secure.gravatar.com\\\/avatar\\\/6c929a99c0a2a25da0ade571f47362ba2525b1e77059ff6eac007c3826d216e4?s=96&d=mm&r=g\",\"contentUrl\":\"https:\\\/\\\/secure.gravatar.com\\\/avatar\\\/6c929a99c0a2a25da0ade571f47362ba2525b1e77059ff6eac007c3826d216e4?s=96&d=mm&r=g\",\"caption\":\"Veronica Sierra\"},\"sameAs\":[\"https:\\\/\\\/x.com\\\/adminrvt\"],\"url\":\"https:\\\/\\\/cfcaracas.org\\\/sv\\\/author\\\/vsierra\\\/\"}]}<\/script>\n<!-- \/ Yoast SEO plugin. -->","yoast_head_json":{"title":"\u200bUna dulce tradici\u00f3n - COLEGIO FRANCIA","robots":{"index":"index","follow":"follow","max-snippet":"max-snippet:-1","max-image-preview":"max-image-preview:large","max-video-preview":"max-video-preview:-1"},"canonical":"https:\/\/cfcaracas.org\/sv\/una-dulce-tradicion-en-el-colegio-francia\/","og_locale":"en_US","og_type":"article","og_title":"\u200bUna dulce tradici\u00f3n - COLEGIO FRANCIA","og_description":"El pasado 2 de febrero, el Colegio Francia celebr\u00f3 con entusiasmo la F\u00eate de la Chandeleur o D\u00eda de la Candelaria, una festividad de gran significado tanto en Francia como en Venezuela. En nuestro colegio, promovemos la riqueza cultural de ambas naciones, y qu\u00e9 mejor manera de hacerlo que a trav\u00e9s de las tradiciones que [&hellip;]","og_url":"https:\/\/cfcaracas.org\/sv\/una-dulce-tradicion-en-el-colegio-francia\/","og_site_name":"COLEGIO FRANCIA","article_published_time":"2025-02-04T14:02:17+00:00","article_modified_time":"2025-02-11T19:05:18+00:00","og_image":[{"width":1024,"height":614,"url":"https:\/\/cfcaracas.org\/sv\/wp-content\/uploads\/Web_NoticiaCrepes-1-1024x614.png","type":"image\/png"}],"author":"Veronica Sierra","twitter_card":"summary_large_image","twitter_creator":"@adminrvt","twitter_misc":{"Written by":"Veronica Sierra","Est. reading time":"3 minutes"},"schema":{"@context":"https:\/\/schema.org","@graph":[{"@type":"Article","@id":"https:\/\/cfcaracas.org\/sv\/una-dulce-tradicion-en-el-colegio-francia\/#article","isPartOf":{"@id":"https:\/\/cfcaracas.org\/sv\/una-dulce-tradicion-en-el-colegio-francia\/"},"author":{"name":"Veronica Sierra","@id":"https:\/\/cfcaracas.org\/sv\/#\/schema\/person\/6e837809a0bdd906426fdb9d105ebc6a"},"headline":"\u200bUna dulce tradici\u00f3n","datePublished":"2025-02-04T14:02:17+00:00","dateModified":"2025-02-11T19:05:18+00:00","mainEntityOfPage":{"@id":"https:\/\/cfcaracas.org\/sv\/una-dulce-tradicion-en-el-colegio-francia\/"},"wordCount":705,"publisher":{"@id":"https:\/\/cfcaracas.org\/sv\/#organization"},"image":{"@id":"https:\/\/cfcaracas.org\/sv\/una-dulce-tradicion-en-el-colegio-francia\/#primaryimage"},"thumbnailUrl":"https:\/\/cfcaracas.org\/sv\/wp-content\/uploads\/Web_NoticiaCrepes-1.png","keywords":["Candelaria","Crepes","D\u00eda de la Candelaria","tradici\u00f3n"],"articleSection":["Actualidades","Actualidades"],"inLanguage":"en-US"},{"@type":"WebPage","@id":"https:\/\/cfcaracas.org\/sv\/una-dulce-tradicion-en-el-colegio-francia\/","url":"https:\/\/cfcaracas.org\/sv\/una-dulce-tradicion-en-el-colegio-francia\/","name":"\u200bUna dulce tradici\u00f3n - COLEGIO FRANCIA","isPartOf":{"@id":"https:\/\/cfcaracas.org\/sv\/#website"},"primaryImageOfPage":{"@id":"https:\/\/cfcaracas.org\/sv\/una-dulce-tradicion-en-el-colegio-francia\/#primaryimage"},"image":{"@id":"https:\/\/cfcaracas.org\/sv\/una-dulce-tradicion-en-el-colegio-francia\/#primaryimage"},"thumbnailUrl":"https:\/\/cfcaracas.org\/sv\/wp-content\/uploads\/Web_NoticiaCrepes-1.png","datePublished":"2025-02-04T14:02:17+00:00","dateModified":"2025-02-11T19:05:18+00:00","breadcrumb":{"@id":"https:\/\/cfcaracas.org\/sv\/una-dulce-tradicion-en-el-colegio-francia\/#breadcrumb"},"inLanguage":"en-US","potentialAction":[{"@type":"ReadAction","target":["https:\/\/cfcaracas.org\/sv\/una-dulce-tradicion-en-el-colegio-francia\/"]}]},{"@type":"ImageObject","inLanguage":"en-US","@id":"https:\/\/cfcaracas.org\/sv\/una-dulce-tradicion-en-el-colegio-francia\/#primaryimage","url":"https:\/\/cfcaracas.org\/sv\/wp-content\/uploads\/Web_NoticiaCrepes-1.png","contentUrl":"https:\/\/cfcaracas.org\/sv\/wp-content\/uploads\/Web_NoticiaCrepes-1.png","width":1668,"height":1000},{"@type":"BreadcrumbList","@id":"https:\/\/cfcaracas.org\/sv\/una-dulce-tradicion-en-el-colegio-francia\/#breadcrumb","itemListElement":[{"@type":"ListItem","position":1,"name":"Home","item":"https:\/\/cfcaracas.org\/sv\/"},{"@type":"ListItem","position":2,"name":"\u200bUna dulce tradici\u00f3n"}]},{"@type":"WebSite","@id":"https:\/\/cfcaracas.org\/sv\/#website","url":"https:\/\/cfcaracas.org\/sv\/","name":"COLEGIO FRANCIA","description":"Colegio Francia, algo m\u00e1s que un colegio","publisher":{"@id":"https:\/\/cfcaracas.org\/sv\/#organization"},"potentialAction":[{"@type":"SearchAction","target":{"@type":"EntryPoint","urlTemplate":"https:\/\/cfcaracas.org\/sv\/?s={search_term_string}"},"query-input":{"@type":"PropertyValueSpecification","valueRequired":true,"valueName":"search_term_string"}}],"inLanguage":"en-US"},{"@type":"Organization","@id":"https:\/\/cfcaracas.org\/sv\/#organization","name":"U.E. Colegio Francia de Caracas","url":"https:\/\/cfcaracas.org\/sv\/","logo":{"@type":"ImageObject","inLanguage":"en-US","@id":"https:\/\/cfcaracas.org\/sv\/#\/schema\/logo\/image\/","url":"https:\/\/cfcaracas.org\/sv\/wp-content\/uploads\/LOGO-COLEGIO-FRANCIA-01.png","contentUrl":"https:\/\/cfcaracas.org\/sv\/wp-content\/uploads\/LOGO-COLEGIO-FRANCIA-01.png","width":851,"height":1135,"caption":"U.E. Colegio Francia de Caracas"},"image":{"@id":"https:\/\/cfcaracas.org\/sv\/#\/schema\/logo\/image\/"}},{"@type":"Person","@id":"https:\/\/cfcaracas.org\/sv\/#\/schema\/person\/6e837809a0bdd906426fdb9d105ebc6a","name":"Veronica Sierra","image":{"@type":"ImageObject","inLanguage":"en-US","@id":"https:\/\/secure.gravatar.com\/avatar\/6c929a99c0a2a25da0ade571f47362ba2525b1e77059ff6eac007c3826d216e4?s=96&d=mm&r=g","url":"https:\/\/secure.gravatar.com\/avatar\/6c929a99c0a2a25da0ade571f47362ba2525b1e77059ff6eac007c3826d216e4?s=96&d=mm&r=g","contentUrl":"https:\/\/secure.gravatar.com\/avatar\/6c929a99c0a2a25da0ade571f47362ba2525b1e77059ff6eac007c3826d216e4?s=96&d=mm&r=g","caption":"Veronica Sierra"},"sameAs":["https:\/\/x.com\/adminrvt"],"url":"https:\/\/cfcaracas.org\/sv\/author\/vsierra\/"}]}},"_links":{"self":[{"href":"https:\/\/cfcaracas.org\/sv\/wp-json\/wp\/v2\/posts\/238843","targetHints":{"allow":["GET"]}}],"collection":[{"href":"https:\/\/cfcaracas.org\/sv\/wp-json\/wp\/v2\/posts"}],"about":[{"href":"https:\/\/cfcaracas.org\/sv\/wp-json\/wp\/v2\/types\/post"}],"author":[{"embeddable":true,"href":"https:\/\/cfcaracas.org\/sv\/wp-json\/wp\/v2\/users\/5"}],"replies":[{"embeddable":true,"href":"https:\/\/cfcaracas.org\/sv\/wp-json\/wp\/v2\/comments?post=238843"}],"version-history":[{"count":3,"href":"https:\/\/cfcaracas.org\/sv\/wp-json\/wp\/v2\/posts\/238843\/revisions"}],"predecessor-version":[{"id":238852,"href":"https:\/\/cfcaracas.org\/sv\/wp-json\/wp\/v2\/posts\/238843\/revisions\/238852"}],"wp:featuredmedia":[{"embeddable":true,"href":"https:\/\/cfcaracas.org\/sv\/wp-json\/wp\/v2\/media\/238845"}],"wp:attachment":[{"href":"https:\/\/cfcaracas.org\/sv\/wp-json\/wp\/v2\/media?parent=238843"}],"wp:term":[{"taxonomy":"category","embeddable":true,"href":"https:\/\/cfcaracas.org\/sv\/wp-json\/wp\/v2\/categories?post=238843"},{"taxonomy":"post_tag","embeddable":true,"href":"https:\/\/cfcaracas.org\/sv\/wp-json\/wp\/v2\/tags?post=238843"}],"curies":[{"name":"wp","href":"https:\/\/api.w.org\/{rel}","templated":true}]}}